{"id":17185,"date":"2026-03-17T18:04:20","date_gmt":"2026-03-17T17:04:20","guid":{"rendered":"https:\/\/www.davofrio.com\/?p=17185"},"modified":"2026-03-22T09:27:06","modified_gmt":"2026-03-22T08:27:06","slug":"calderas-de-pellets-en-zonas-rurales-la-solucion-mas-economica-y-sostenible-para-calefaccion-en-el-interior-de-alicante","status":"publish","type":"post","link":"https:\/\/www.davofrio.com\/fr\/calderas-pellets-zonas-rurales-alicante\/","title":{"rendered":"Calderas de Pellets en Zonas Rurales: La Soluci\u00f3n M\u00e1s Econ\u00f3mica y Sostenible para Calefacci\u00f3n en el Interior de Alicante."},"content":{"rendered":"<p class=\"font-claude-response-body break-words whitespace-normal leading-[1.7]\">El coste de una instalaci\u00f3n de caldera de pellets en una vivienda rural del interior de Alicante depende del tama\u00f1o de la vivienda y de la potencia necesaria. En t\u00e9rminos generales, una instalaci\u00f3n completa \u2014 caldera, silo, instalaci\u00f3n y puesta en marcha \u2014 est\u00e1 entre los 6.000 y los 12.000 euros.<\/p>\n<h2 class=\"text-text-100 mt-3 -mb-1 text-[1.125rem] font-bold\">\u00bfCu\u00e1nto cuesta una caldera de pellets en Alicante?<\/h2>\n<p class=\"font-claude-response-body break-words whitespace-normal leading-[1.7]\">A primera vista puede parecer una inversi\u00f3n importante, pero hay que ponerla en contexto. Una vivienda rural que antes gastaba 1.500 o 2.000 euros al a\u00f1o en gasoil para calefacci\u00f3n, con una caldera de pellets reduce ese gasto a entre 500 y 800 euros anuales. El ahorro anual de entre 700 y 1.200 euros hace que la instalaci\u00f3n se amortice en 6 o 7 a\u00f1os.<\/p>\n<p class=\"font-claude-response-body break-words whitespace-normal leading-[1.7]\">Adem\u00e1s, en 2025 existen ayudas y subvenciones para instalar calderas de biomasa que pueden cubrir hasta el 40% del coste total de la instalaci\u00f3n.<\/p>\n<h2 class=\"text-text-100 mt-3 -mb-1 text-[1.125rem] font-bold\">\u00bfCu\u00e1nto cuesta el combustible de pellets en Alicante?<\/h2>\n<p class=\"font-claude-response-body break-words whitespace-normal leading-[1.7]\">El precio del pellet en Alicante est\u00e1 entre 280 y 320 euros por tonelada cuando se compra a granel. Para una vivienda unifamiliar de 150 metros cuadrados en el interior de Alicante, el consumo anual es de entre 2 y 3 toneladas, lo que supone un gasto de entre 600 y 900 euros al a\u00f1o en combustible.<\/p>\n<p class=\"font-claude-response-body break-words whitespace-normal leading-[1.7]\">Comparado con el gasoil, cuyo precio ha subido considerablemente en los \u00faltimos a\u00f1os, el ahorro es muy significativo. Adem\u00e1s, el precio del pellet es mucho m\u00e1s estable que el del gas o el gasoil, que dependen de los mercados internacionales y pueden variar mucho de un a\u00f1o a otro.<\/p>\n<p><img fetchpriority=\"high\" decoding=\"async\" class=\"aligncenter wp-image-20226 size-full\" title=\"Cu\u00e1nto cuesta una caldera de pellets en Alicante\" src=\"https:\/\/www.davofrio.com\/wp-content\/uploads\/2025\/11\/Cuanto-cuesta-una-caldera-de-pellets-en-Alicante.jpg\" alt=\"Cu\u00e1nto cuesta una caldera de pellets en Alicante\" width=\"850\" height=\"850\" srcset=\"https:\/\/www.davofrio.com\/wp-content\/uploads\/2025\/11\/Cuanto-cuesta-una-caldera-de-pellets-en-Alicante.jpg 850w, https:\/\/www.davofrio.com\/wp-content\/uploads\/2025\/11\/Cuanto-cuesta-una-caldera-de-pellets-en-Alicante-300x300.jpg 300w, https:\/\/www.davofrio.com\/wp-content\/uploads\/2025\/11\/Cuanto-cuesta-una-caldera-de-pellets-en-Alicante-150x150.jpg 150w, https:\/\/www.davofrio.com\/wp-content\/uploads\/2025\/11\/Cuanto-cuesta-una-caldera-de-pellets-en-Alicante-768x768.jpg 768w, https:\/\/www.davofrio.com\/wp-content\/uploads\/2025\/11\/Cuanto-cuesta-una-caldera-de-pellets-en-Alicante-12x12.jpg 12w\" sizes=\"(max-width: 850px) 100vw, 850px\" \/><\/p>\n<h2 class=\"text-text-100 mt-3 -mb-1 text-[1.125rem] font-bold\">Ventajas de la caldera de pellets frente a otras opciones en zonas rurales<\/h2>\n<p class=\"font-claude-response-body break-words whitespace-normal leading-[1.7]\">Las viviendas rurales del interior de Alicante \u2014 en zonas como la Sierra de Mariola, el Comtat o el Alt Vinalop\u00f3 \u2014 tienen unas caracter\u00edsticas especiales que hacen que la caldera de pellets sea especialmente adecuada:<\/p>\n<p class=\"font-claude-response-body break-words whitespace-normal leading-[1.7]\"><strong>Sin gas natural:<\/strong> La mayor\u00eda de las zonas rurales del interior de Alicante no tienen acceso a la red de gas natural. La caldera de pellets es la alternativa m\u00e1s econ\u00f3mica y eficiente al gasoil y al gas propano.<\/p>\n<p class=\"font-claude-response-body break-words whitespace-normal leading-[1.7]\"><strong>Combustible local:<\/strong> Los pellets se fabrican en Espa\u00f1a con residuos forestales y agr\u00edcolas. Comprar pellets es apostar por la econom\u00eda local y por un combustible renovable que no genera deuda con el exterior.<\/p>\n<p class=\"font-claude-response-body break-words whitespace-normal leading-[1.7]\"><strong>Alta potencia:<\/strong> Las calderas de pellets pueden calentar viviendas grandes con facilidad. Son ideales para casas de campo, mas\u00edas y cortijos con superficies de 150 a 400 metros cuadrados que necesitan mucha potencia calor\u00edfica.<\/p>\n<p class=\"font-claude-response-body break-words whitespace-normal leading-[1.7]\"><strong>Compatible con suelo radiante:<\/strong> La caldera de pellets trabaja a temperaturas bajas, lo que la hace perfectamente compatible con el suelo radiante. Esta combinaci\u00f3n es muy habitual en rehabilitaciones de casas rurales en el interior de Alicante.<\/p>\n<p><img decoding=\"async\" class=\"aligncenter wp-image-20227 size-full\" title=\"C\u00f3mo elegir el tama\u00f1o correcto de caldera de pellets\" src=\"https:\/\/www.davofrio.com\/wp-content\/uploads\/2025\/11\/Como-elegir-el-tamano-correcto-de-caldera-de-pellets.jpg\" alt=\"C\u00f3mo elegir el tama\u00f1o correcto de caldera de pellets\" width=\"850\" height=\"476\" srcset=\"https:\/\/www.davofrio.com\/wp-content\/uploads\/2025\/11\/Como-elegir-el-tamano-correcto-de-caldera-de-pellets.jpg 850w, https:\/\/www.davofrio.com\/wp-content\/uploads\/2025\/11\/Como-elegir-el-tamano-correcto-de-caldera-de-pellets-300x168.jpg 300w, https:\/\/www.davofrio.com\/wp-content\/uploads\/2025\/11\/Como-elegir-el-tamano-correcto-de-caldera-de-pellets-768x430.jpg 768w, https:\/\/www.davofrio.com\/wp-content\/uploads\/2025\/11\/Como-elegir-el-tamano-correcto-de-caldera-de-pellets-18x10.jpg 18w\" sizes=\"(max-width: 850px) 100vw, 850px\" \/><\/p>\n<h2 class=\"text-text-100 mt-3 -mb-1 text-[1.125rem] font-bold\">\u00bfC\u00f3mo elegir el tama\u00f1o correcto de caldera de pellets para tu casa rural?<\/h2>\n<p class=\"font-claude-response-body break-words whitespace-normal leading-[1.7]\">Elegir una caldera de pellets demasiado peque\u00f1a significa que en los d\u00edas m\u00e1s fr\u00edos del invierno no llega a calentar bien toda la vivienda. Elegir una demasiado grande significa que trabaja por debajo de su rendimiento \u00f3ptimo y consume m\u00e1s de lo necesario.<\/p>\n<p class=\"font-claude-response-body break-words whitespace-normal leading-[1.7]\">El c\u00e1lculo correcto depende de varios factores: los metros cuadrados de la vivienda, la altura de los techos, el nivel de aislamiento de paredes y tejado, el n\u00famero de ventanas y su orientaci\u00f3n, y la zona clim\u00e1tica concreta donde se encuentra la casa.<\/p>\n<p class=\"font-claude-response-body break-words whitespace-normal leading-[1.7]\">En el interior de Alicante, donde los inviernos son m\u00e1s fr\u00edos que en la costa, es importante no quedarse corto con la potencia. Como referencia general, una vivienda rural de 150 metros cuadrados con aislamiento medio necesita una caldera de entre 15 y 20 kilovatios. Una vivienda de 250 metros cuadrados poco aislada puede necesitar entre 25 y 35 kilovatios.<\/p>\n<p class=\"font-claude-response-body break-words whitespace-normal leading-[1.7]\">En Davofrio hacemos siempre un estudio t\u00e9rmico previo y gratuito antes de recomendar ning\u00fan equipo. Visitamos tu vivienda en el interior de Alicante, medimos y calculamos las necesidades reales, y te proponemos la caldera de pellets exacta para tu caso \u2014 ni m\u00e1s grande ni m\u00e1s peque\u00f1a de lo necesario. As\u00ed te garantizamos el m\u00e1ximo confort con el m\u00ednimo consumo de combustible desde el primer d\u00eda de funcionamiento.<\/p>\n<h2 class=\"text-text-100 mt-3 -mb-1 text-[1.125rem] font-bold\">\u00bfQu\u00e9 mantenimiento necesita una caldera de pellets?<\/h2>\n<p class=\"font-claude-response-body break-words whitespace-normal leading-[1.7]\">El mantenimiento de una caldera de pellets es sencillo y econ\u00f3mico. El usuario debe limpiar el cenicero cada semana o dos semanas dependiendo del uso, y vaciar el dep\u00f3sito de cenizas cada mes aproximadamente.<\/p>\n<p class=\"font-claude-response-body break-words whitespace-normal leading-[1.7]\">Una vez al a\u00f1o es recomendable hacer una revisi\u00f3n t\u00e9cnica completa \u2014 limpieza del intercambiador, revisi\u00f3n del sistema de alimentaci\u00f3n de pellets y comprobaci\u00f3n de la salida de humos. Esta revisi\u00f3n anual cuesta entre 80 y 150 euros y garantiza que la caldera funcione al m\u00e1ximo rendimiento durante toda la temporada.<\/p>\n<p class=\"font-claude-response-body break-words whitespace-normal leading-[1.7]\">En Davofrio ofrecemos contratos de mantenimiento anual para calderas de pellets en toda la provincia de Alicante. Nos encargamos de la revisi\u00f3n completa y de cualquier incidencia que pueda surgir durante el a\u00f1o.<\/p>\n<h2 class=\"text-text-100 mt-3 -mb-1 text-[1.125rem] font-bold\">\u00bfEs mejor la caldera de pellets o la aerotermia para una casa rural en Alicante?<\/h2>\n<p class=\"font-claude-response-body break-words whitespace-normal leading-[1.7]\">Depende de cada caso concreto. Como norma general:<\/p>\n<p class=\"font-claude-response-body break-words whitespace-normal leading-[1.7]\">La <strong>caldera de pellets<\/strong> es mejor opci\u00f3n cuando la vivienda es grande \u2014 m\u00e1s de 200 metros cuadrados \u2014 tiene techos altos, est\u00e1 poco aislada o necesita mucha potencia calor\u00edfica. Tambi\u00e9n es la mejor opci\u00f3n cuando el presupuesto inicial es limitado.<\/p>\n<p class=\"font-claude-response-body break-words whitespace-normal leading-[1.7]\">La <strong>aerotermia<\/strong> es mejor opci\u00f3n cuando la vivienda est\u00e1 bien aislada, tiene un tama\u00f1o medio \u2014 entre 80 y 180 metros cuadrados \u2014 y se quiere un sistema que tambi\u00e9n produzca agua caliente sanitaria y pueda enfriar en verano.<\/p>\n<p class=\"font-claude-response-body break-words whitespace-normal leading-[1.7]\">En muchos casos la soluci\u00f3n ideal es una combinaci\u00f3n de ambas \u2014 aerotermia para el d\u00eda a d\u00eda y caldera de pellets como apoyo en los d\u00edas m\u00e1s fr\u00edos del invierno. En Davofrio analizamos cada caso y te recomendamos la soluci\u00f3n m\u00e1s eficiente para tu vivienda concreta en el interior de Alicante.<\/p>\n<p><img decoding=\"async\" class=\"aligncenter wp-image-20228 size-full\" title=\"Es mejor la caldera de pellets o la aerotermia\" src=\"https:\/\/www.davofrio.com\/wp-content\/uploads\/2025\/11\/Es-mejor-la-caldera-de-pellets-o-la-aerotermia.jpg\" alt=\"Es mejor la caldera de pellets o la aerotermia\" width=\"850\" height=\"567\" srcset=\"https:\/\/www.davofrio.com\/wp-content\/uploads\/2025\/11\/Es-mejor-la-caldera-de-pellets-o-la-aerotermia.jpg 850w, https:\/\/www.davofrio.com\/wp-content\/uploads\/2025\/11\/Es-mejor-la-caldera-de-pellets-o-la-aerotermia-300x200.jpg 300w, https:\/\/www.davofrio.com\/wp-content\/uploads\/2025\/11\/Es-mejor-la-caldera-de-pellets-o-la-aerotermia-768x512.jpg 768w, https:\/\/www.davofrio.com\/wp-content\/uploads\/2025\/11\/Es-mejor-la-caldera-de-pellets-o-la-aerotermia-18x12.jpg 18w\" sizes=\"(max-width: 850px) 100vw, 850px\" \/><\/p>\n<h2>El Desaf\u00edo del Fr\u00edo en el Interior de Alicante<\/h2>\n<p>Mientras la costa alicantina disfruta de inviernos suaves, las comarcas del interior (como L&#8217;Alcoi\u00e0, El Comtat o el Alto Vinalop\u00f3) experimentan temperaturas mucho m\u00e1s bajas, a menudo con heladas y picos de fr\u00edo intenso. Esto hace que la necesidad de una calefacci\u00f3n potente y constante sea cr\u00edtica. Las <b>calderas de pellets en Alicante<\/b>, especialmente en estas zonas rurales, se presentan como la alternativa perfecta a los combustibles f\u00f3siles caros e ineficientes.<\/p>\n<h2>\u00bfPor Qu\u00e9 los Pellets Superan al Gas\u00f3leo y el Gas Propano?<\/h2>\n<p>La gran ventaja de la biomasa es su coste. El precio del pellet es mucho m\u00e1s estable y, por lo general, <b>m\u00e1s econ\u00f3mico<\/b> por kWh generado que el gas\u00f3leo o el propano, combustibles habituales en viviendas aisladas o rurales.<\/p>\n<h2>Ahorro Estimado Frente a Combustibles F\u00f3siles<\/h2>\n<p>Los usuarios que sustituyen el gas\u00f3leo por una caldera de pellets pueden llegar a experimentar un ahorro de hasta un <b>50% en su gasto anual de calefacci\u00f3n<\/b>. Esto se debe a que el pellet, fabricado con residuos forestales y agr\u00edcolas locales, tiene un circuito de distribuci\u00f3n m\u00e1s econ\u00f3mico.<\/p>\n<p><a href=\"\/solicita-presupuesto\/\">SOLICITA TU PRESUPUESTO<\/a><\/p>\n<p><a href=\"tel:965058731\"><br \/>\n\u00a1LLAMANOS! 965 05 87 31<br \/>\n<\/a><\/p>\n<h2>Sostenibilidad Real: Biomasa y Balance de CO2 Neutro (H2)<\/h2>\n<p>La biomasa no solo es econ\u00f3mica, sino tambi\u00e9n ecol\u00f3gica. El pellet es un combustible de <b>fuente renovable<\/b> y local, lo que apoya la gesti\u00f3n de los montes.<\/p>\n<h2>Ciclo de Carbono Cerrado<\/h2>\n<p>Al quemar pellets, se libera la misma cantidad de CO2 que el \u00e1rbol absorbi\u00f3 durante su crecimiento. Esto significa que tienen un <b>balance de CO2\u00a0neutro<\/b> o muy bajo, contribuyendo a la lucha contra el cambio clim\u00e1tico, algo crucial en una provincia con una gran sensibilidad medioambiental como Alicante.CO2<\/p>\n<h2>Aspectos Clave de la Instalaci\u00f3n en Viviendas Rurales<\/h2>\n<p>Instalar una caldera de pellets requiere dos elementos principales que nuestros expertos consideran al visitar tu vivienda en la Sierra de Mariola o cerca de Alcoy:<\/p>\n<ol>\n<li><b>Espacio para la Caldera:<\/b> Se necesita un lugar (trastero, garaje o sala t\u00e9cnica) para la propia caldera, el silo de almacenamiento de pellets y la salida de humos.<\/li>\n<li><b>Log\u00edstica del Suministro:<\/b> En zonas rurales del interior de Alicante, la disponibilidad de proveedores de pellets es excelente, facilitando la entrega del combustible a domicilio, ya sea en sacos o a granel.<\/li>\n<\/ol>\n<p><b>\u00bfQuieres una calefacci\u00f3n potente, barata y ecol\u00f3gica para tu casa en el interior de Alicante?<\/b> Solicita un estudio gratuito sobre la instalaci\u00f3n de tu caldera de biomasa.<\/p>\n<h2 class=\"text-text-100 mt-3 -mb-1 text-[1.125rem] font-bold\">\u00bfQuieres saber m\u00e1s sobre calefacci\u00f3n eficiente?<\/h2>\n<p class=\"font-claude-response-body break-words whitespace-normal leading-[1.7]\"><strong>\u00bfCu\u00e1l es el mejor sistema de calefacci\u00f3n para tu hogar?<\/strong> Te lo explicamos todo en nuestra gu\u00eda completa: \u2192 <a class=\"underline underline underline-offset-2 decoration-1 decoration-current\/40 hover:decoration-current focus:decoration-current\" href=\"https:\/\/www.davofrio.com\/mejor-sistema-de-calefaccion-para-tu-hogar\/\">Mejor sistema de calefacci\u00f3n para tu hogar<\/a><\/p>\n<p class=\"font-claude-response-body break-words whitespace-normal leading-[1.7]\"><strong>\u00bfQuieres comparar todos los sistemas y ver cu\u00e1l es m\u00e1s barato?<\/strong> Analizamos 7 sistemas con sus costes reales: \u2192 <a class=\"underline underline underline-offset-2 decoration-1 decoration-current\/40 hover:decoration-current focus:decoration-current\" href=\"https:\/\/www.davofrio.com\/7-sistemas-de-calefaccion-que-calefaccion-es-mas-economica\/\">7 sistemas de calefacci\u00f3n: cu\u00e1l es el m\u00e1s econ\u00f3mico<\/a><\/p>\n<p class=\"font-claude-response-body break-words whitespace-normal leading-[1.7]\"><strong>\u00bfQuieres reducir tu factura este invierno?<\/strong> Consejos pr\u00e1cticos para calentar tu casa gastando menos: \u2192 <a class=\"underline underline underline-offset-2 decoration-1 decoration-current\/40 hover:decoration-current focus:decoration-current\" href=\"https:\/\/www.davofrio.com\/calefaccion-eficiente-en-casa-reducir-consumo\/\">Calefacci\u00f3n eficiente en casa: c\u00f3mo reducir el consumo<\/a><\/p>\n<p class=\"font-claude-response-body break-words whitespace-normal leading-[1.7]\"><strong>\u00bfEst\u00e1s pensando en instalar aerotermia?<\/strong> Te explicamos qu\u00e9 es y c\u00f3mo puede mejorar la eficiencia de tu hogar: \u2192 <a class=\"underline underline underline-offset-2 decoration-1 decoration-current\/40 hover:decoration-current focus:decoration-current\" href=\"https:\/\/www.davofrio.com\/que-es-la-aerotermia-y-como-mejora-la-eficiencia\/\">Qu\u00e9 es la aerotermia y c\u00f3mo mejora la eficiencia<\/a><\/p>\n<p class=\"font-claude-response-body break-words whitespace-normal leading-[1.7]\"><strong>\u00bfHay ayudas para instalar un sistema nuevo?<\/strong> S\u00ed las hay y pueden cubrir hasta el 40% de la instalaci\u00f3n: \u2192 <a class=\"underline underline underline-offset-2 decoration-1 decoration-current\/40 hover:decoration-current focus:decoration-current\" href=\"https:\/\/www.davofrio.com\/ayudas-y-subvenciones-para-cambiar-tu-caldera-por-aerotermia\/\">Ayudas y subvenciones para cambiar tu caldera por aerotermia<\/a><\/p>\n<p><a href=\"\/solicita-presupuesto\/\">SOLICITA TU PRESUPUESTO<\/a><\/p>\n<p><a href=\"tel:965058731\"><br \/>\n\u00a1LLAMANOS! 965 05 87 31<br \/>\n<\/a><\/p>\n<figure><img loading=\"lazy\" decoding=\"async\" src=\"https:\/\/www.davofrio.com\/wp-content\/uploads\/2024\/02\/Logo-Davofrio.png\" alt=\"\" width=\"327\" height=\"75\" \/><\/figure>\n<h3>Soluciones <b>CLIMATIZACI\u00d3N<\/b><\/h3>\n<ul>\n<li><a href=\"\/aire-acondicionado\/\"><br \/>\nAire acondicionado<br \/>\n<\/a><\/li>\n<li><a href=\"\/energias-renovables\/aerotermia\/\"><br \/>\nAerotermia<br \/>\n<\/a><\/li>\n<li><a href=\"\/enfriadoras-y-vrv\/\"><br \/>\nEnfriadoras y VRV<br \/>\n<\/a><\/li>\n<li><a href=\"\/energias-renovables\/placas-solares-fotovoltaica\/\"><br \/>\nPlaca solar fotovoltaica<br \/>\n<\/a><\/li>\n<li><a href=\"\/domotica\/\"><br \/>\nDom\u00f3tica<br \/>\n<\/a><\/li>\n<li><a href=\"\/calefaccion\/suelo-radiante\/\"><br \/>\nSuelo radiante<br \/>\n<\/a><\/li>\n<li><a href=\"\/energias-renovables\/geotermia\/\"><br \/>\nGeotermia<br \/>\n<\/a><\/li>\n<li><a href=\"\/energias-renovables\/biomasa\/\"><br \/>\nBiomasa<br \/>\n<\/a><\/li>\n<li><a href=\"\/calefaccion\/\"><br \/>\nCalefacci\u00f3n<br \/>\n<\/a><\/li>\n<\/ul>\n<h3>Soluciones <b>comerciales<\/b><\/h3>\n<ul>\n<li>Hoteles<\/li>\n<li>Edificios comerciales<\/li>\n<li>Retail<\/li>\n<li>Edificios Administrativos<\/li>\n<li>Comlejos deportivos<\/li>\n<li>Hospitales<\/li>\n<\/ul>\n<h3>Soluciones de <b>energ\u00eda<\/b><\/h3>\n<ul>\n<li><a href=\"\/energias-renovables\/placas-solares-fotovoltaica\/\"><br \/>\nEnerg\u00eda solar<br \/>\n<\/a><\/li>\n<li><a href=\"\/energias-renovables\/geotermia\/\"><br \/>\nGeotermia<br \/>\n<\/a><\/li>\n<li><a href=\"\/energias-renovables\/biomasa\/\"><br \/>\nBiomasa<br \/>\n<\/a><\/li>\n<\/ul>\n<h3>Soluciones de <b>mantenimiento<\/b><\/h3>\n<ul>\n<li><a href=\"\/mantenimiento-aire-acondicionado\/mantenimiento-integral\"><br \/>\nIntegral<br \/>\n<\/a><\/li>\n<li><a href=\"\/mantenimiento-aire-acondicionado\/mantenimiento-preventivo\/\"><br \/>\nPreventivo<br \/>\n<\/a><\/li>\n<li><a href=\"\/mantenimiento-aire-acondicionado\/mantenimiento-correctivo-aire-acondicionado\/\"><br \/>\nCorrectivo<br \/>\n<\/a><\/li>\n<\/ul>\n<p>Calidad, fiabilidad, eficiencia y sostenibilidad<br \/>\nson la filosof\u00eda con la que trabajamos<br \/>\ndesde hace m\u00e1s de 25 a\u00f1os.<\/p>\n<p>Si est\u00e1s considerando la instalaci\u00f3n aire acondicionado y calefacci\u00f3n en\u00a0Murcia,\u00a0Valencia o\u00a0Alicante, conf\u00eda en nuestros expertos instaladores. En\u00a0<strong style=\"font-size: var( --e-global-typography-text-font-size );\">Davofrio<\/strong>\u00a0llevamos a cabo el proyecto de manera eficiente y profesional. Cont\u00e1ctanos hoy mismo para obtener m\u00e1s informaci\u00f3n o solicitar una consulta. Estamos aqu\u00ed para ayudarte a alcanzar el m\u00e1ximo confort en tu hogar u oficina.<\/p>\n\n<div class=\"wpcf7 no-js\" id=\"wpcf7-f1705-o1\" lang=\"es-ES\" dir=\"ltr\" data-wpcf7-id=\"1705\">\n<div class=\"screen-reader-response\"><p role=\"status\" aria-live=\"polite\" aria-atomic=\"true\"><\/p> <ul><\/ul><\/div>\n<form action=\"\/fr\/wp-json\/wp\/v2\/posts\/17185#wpcf7-f1705-o1\" method=\"post\" class=\"wpcf7-form init\" aria-label=\"Formulario de contacto\" novalidate=\"novalidate\" data-status=\"init\">\n<fieldset class=\"hidden-fields-container\"><input type=\"hidden\" name=\"_wpcf7\" value=\"1705\" \/><input type=\"hidden\" name=\"_wpcf7_version\" value=\"6.1.5\" \/><input type=\"hidden\" name=\"_wpcf7_locale\" value=\"es_ES\" \/><input type=\"hidden\" name=\"_wpcf7_unit_tag\" value=\"wpcf7-f1705-o1\" \/><input type=\"hidden\" name=\"_wpcf7_container_post\" value=\"0\" \/><input type=\"hidden\" name=\"_wpcf7_posted_data_hash\" value=\"\" \/><input type=\"hidden\" name=\"_wpcf7_recaptcha_response\" value=\"\" \/>\n<\/fieldset>\n<div class=\"formulariogenerico\">\n\t<p style=\"font-size:22px; font-weight:700; text-align:center!important;\">Contacta con nosotros\n\t<\/p>\n\t<p><br \/>\n<label> <span class=\"wpcf7-form-control-wrap\" data-name=\"text-378\"><input size=\"40\" maxlength=\"400\" class=\"wpcf7-form-control wpcf7-text wpcf7-validates-as-required\" aria-required=\"true\" aria-invalid=\"false\" placeholder=\"Nombre\" value=\"\" type=\"text\" name=\"text-378\" \/><\/span><\/label><br \/>\n<label> <span class=\"wpcf7-form-control-wrap\" data-name=\"tel-879\"><input size=\"40\" maxlength=\"400\" class=\"wpcf7-form-control wpcf7-tel wpcf7-validates-as-required wpcf7-text wpcf7-validates-as-tel\" aria-required=\"true\" aria-invalid=\"false\" placeholder=\"Tel\u00e9fono\" value=\"\" type=\"tel\" name=\"tel-879\" \/><\/span><\/label><br \/>\n<label> <span class=\"wpcf7-form-control-wrap\" data-name=\"email-956\"><input size=\"40\" maxlength=\"400\" class=\"wpcf7-form-control wpcf7-email wpcf7-validates-as-required wpcf7-text wpcf7-validates-as-email\" aria-required=\"true\" aria-invalid=\"false\" placeholder=\"E-Mail\" value=\"\" type=\"email\" name=\"email-956\" \/><\/span> <\/label><br \/>\n<label> <span class=\"wpcf7-form-control-wrap\" data-name=\"textarea-212\"><textarea cols=\"40\" rows=\"10\" maxlength=\"2000\" class=\"wpcf7-form-control wpcf7-textarea wpcf7-validates-as-required\" aria-required=\"true\" aria-invalid=\"false\" placeholder=\"Tu consulta\" name=\"textarea-212\"><\/textarea><\/span><\/label><br \/>\n<span><span class=\"wpcf7-form-control-wrap\" data-name=\"acceptance-311\"><span class=\"wpcf7-form-control wpcf7-acceptance\"><span class=\"wpcf7-list-item\"><label><input type=\"checkbox\" name=\"acceptance-311\" value=\"1\" aria-invalid=\"false\" \/><span class=\"wpcf7-list-item-label\"><span>Acepto terminos de la <a href=\"https:\/\/www.davofrio.com\/politica-de-privacidad\"> Pol\u00edtica de Privacidad<\/a><\/span><\/span><\/label><\/span><\/span><\/span><\/span><br \/>\n<label><input class=\"wpcf7-form-control wpcf7-submit has-spinner\" type=\"submit\" value=\"Enviar\" \/> <\/label>\n\t<\/p>\n<\/div><div class=\"wpcf7-response-output\" aria-hidden=\"true\"><\/div>\n<\/form>\n<\/div>\n\n","protected":false},"excerpt":{"rendered":"<p>El coste de una instalaci\u00f3n de caldera de pellets en una vivienda rural del interior de Alicante depende del tama\u00f1o de la vivienda y de la potencia necesaria. En t\u00e9rminos generales, una instalaci\u00f3n completa \u2014 caldera, silo, instalaci\u00f3n y puesta en marcha \u2014 est\u00e1 entre los 6.000 y los 12.000 euros. \u00bfCu\u00e1nto cuesta una caldera &#8230; <a title=\"Calderas de Pellets en Zonas Rurales: La Soluci\u00f3n M\u00e1s Econ\u00f3mica y Sostenible para Calefacci\u00f3n en el Interior de Alicante.\" class=\"read-more\" href=\"https:\/\/www.davofrio.com\/fr\/calderas-pellets-zonas-rurales-alicante\/\" aria-label=\"En savoir plus sur Calderas de Pellets en Zonas Rurales: La Soluci\u00f3n M\u00e1s Econ\u00f3mica y Sostenible para Calefacci\u00f3n en el Interior de Alicante.\">Lire plus<\/a><\/p>","protected":false},"author":1,"featured_media":155,"comment_status":"closed","ping_status":"closed","sticky":false,"template":"","format":"standard","meta":{"footnotes":""},"categories":[105],"tags":[],"class_list":["post-17185","post","type-post","status-publish","format-standard","has-post-thumbnail","hentry","category-blog"],"_links":{"self":[{"href":"https:\/\/www.davofrio.com\/fr\/wp-json\/wp\/v2\/posts\/17185","targetHints":{"allow":["GET"]}}],"collection":[{"href":"https:\/\/www.davofrio.com\/fr\/wp-json\/wp\/v2\/posts"}],"about":[{"href":"https:\/\/www.davofrio.com\/fr\/wp-json\/wp\/v2\/types\/post"}],"author":[{"embeddable":true,"href":"https:\/\/www.davofrio.com\/fr\/wp-json\/wp\/v2\/users\/1"}],"replies":[{"embeddable":true,"href":"https:\/\/www.davofrio.com\/fr\/wp-json\/wp\/v2\/comments?post=17185"}],"version-history":[{"count":9,"href":"https:\/\/www.davofrio.com\/fr\/wp-json\/wp\/v2\/posts\/17185\/revisions"}],"predecessor-version":[{"id":21418,"href":"https:\/\/www.davofrio.com\/fr\/wp-json\/wp\/v2\/posts\/17185\/revisions\/21418"}],"wp:featuredmedia":[{"embeddable":true,"href":"https:\/\/www.davofrio.com\/fr\/wp-json\/wp\/v2\/media\/155"}],"wp:attachment":[{"href":"https:\/\/www.davofrio.com\/fr\/wp-json\/wp\/v2\/media?parent=17185"}],"wp:term":[{"taxonomy":"category","embeddable":true,"href":"https:\/\/www.davofrio.com\/fr\/wp-json\/wp\/v2\/categories?post=17185"},{"taxonomy":"post_tag","embeddable":true,"href":"https:\/\/www.davofrio.com\/fr\/wp-json\/wp\/v2\/tags?post=17185"}],"curies":[{"name":"wp","href":"https:\/\/api.w.org\/{rel}","templated":true}]}}