{"id":1665,"date":"2018-10-13T19:00:38","date_gmt":"2018-10-13T17:00:38","guid":{"rendered":"https:\/\/www.davofrio.com\/?p=1665"},"modified":"2024-08-23T17:30:43","modified_gmt":"2024-08-23T15:30:43","slug":"derogado-el-impuesto-al-sol-se-reconoce-el-derecho-al-autoconsumo-electrico","status":"publish","type":"post","link":"https:\/\/www.davofrio.com\/fr\/derogado-el-impuesto-al-sol-se-reconoce-el-derecho-al-autoconsumo-electrico\/","title":{"rendered":"Derogado el impuesto al sol; se reconoce el derecho al autoconsumo el\u00e9ctrico"},"content":{"rendered":"<div class=\"itemIntroText\">\n<p>El pasado s\u00e1bado 6 de octubre se public\u00f3 el RD 15\/2018 de medidas urgentes para la transici\u00f3n energ\u00e9tica y la protecci\u00f3n de los consumidores por el que el Gobierno pretende abordar con car\u00e1cter urgente la actual subida en los\u00a0<strong>precios de la luz<\/strong>\u00a0adoptando adem\u00e1s, una serie de medidas encaminadas a acelerar la transici\u00f3n energ\u00e9tica hacia un modelo basado en las\u00a0<strong>energ\u00edas renovables<\/strong>, reconociendo el derecho al\u00a0<strong>autoconsumo el\u00e9ctrico<\/strong>\u00a0y eliminando el llamado \u201cimpuesto al sol 2021\u201d.<\/p>\n<\/div>\n<div class=\"itemFullText\">\n<p>El texto legal establece como una de las prioridades del actual Ejecutivo la lucha contra la pobreza energ\u00e9tica y anuncia que establecer\u00e1 unos objetivos en el medio y largo plazo y un marco de acci\u00f3n estable para su erradicaci\u00f3n.<\/p>\n<h2>Autoconsumo el\u00e9ctrico por una energ\u00eda m\u00e1s limpia y barata<\/h2>\n<p>En el actual contexto de escalada de precios de la electricidad y teniendo en cuenta la necesidad de impulsar la transici\u00f3n energ\u00e9tica hacia las energ\u00edas renovables, el autoconsumo el\u00e9ctrico se considera como un elemento imprescindible para lograr que el consumidor pueda obtener una energ\u00eda m\u00e1s limpia y barata.<\/p>\n<p>Hasta el momento, el autoconsumo en Espa\u00f1a apenas se hab\u00eda desarrollado a causa de la regulaci\u00f3n existente que dificultaba su implantaci\u00f3n sin embargo, con las modificaciones recogidas en el actual RD 15\/2018 se considera que la eliminaci\u00f3n de dichas trabas en su regulaci\u00f3n se permitir\u00e1 disminuir la factura energ\u00e9tica con car\u00e1cter inmediato a los consumidores que lo instalen y, adicionalmente, se reducir\u00e1 la demanda de energ\u00eda en el mercado mayorista, contribuyendo de esta manera a una contenci\u00f3n y disminuci\u00f3n de precios en el mercado mayorista de energ\u00eda el\u00e9ctrica, a una mejora de las condiciones ambientales y a una reducci\u00f3n de la importaci\u00f3n de hidrocarburos que redundar\u00e1 en una mejora de la balanza de pagos.<\/p>\n<p>El real decreto-ley, que recoge el contenido de la Proposici\u00f3n de Ley sobre autoconsumo presentada por la mayor\u00eda de los grupos pol\u00edticos del Congreso, establece tres principios fundamentales para la administraci\u00f3n de esta actividad:<\/p>\n<ul>\n<li>se reconoce el derecho a autoconsumir energ\u00eda el\u00e9ctrica sin cargos<\/li>\n<li>se reconoce el derecho al\u00a0<strong>autoconsumo compartido<\/strong>\u00a0por parte de uno o varios consumidores para aprovechar las econom\u00edas de escala<\/li>\n<li>se introduce el principio de simplificaci\u00f3n administrativa y t\u00e9cnica, especialmente para las instalaciones de peque\u00f1a potencia<\/li>\n<\/ul>\n<p>La ley adem\u00e1s reconoce dos modalidades de autoconsumo el\u00e9ctrico:<\/p>\n<ul>\n<li>Modalidades de suministro con autoconsumo sin excedentes. Cuando los dispositivos f\u00edsicos instalados impidan la inyecci\u00f3n alguna de energ\u00eda excedentaria a la red de transporte o distribuci\u00f3n. En este caso existir\u00e1 un \u00fanico tipo de sujeto de los previstos en el art\u00edculo 6, que ser\u00e1 el sujeto consumidor.<\/li>\n<li>Modalidades de suministro con autoconsumo con excedentes. Cuando las instalaciones de generaci\u00f3n puedan, adem\u00e1s de suministrar energ\u00eda para autoconsumo, inyectar energ\u00eda excedentaria en las redes de transporte y distribuci\u00f3n. En estos casos existir\u00e1n dos tipos de sujetos de los previstos en el art\u00edculo 6, el sujeto consumidor y el productor.<\/li>\n<\/ul>\n<p>Las instalaciones de producci\u00f3n no superiores a 100 kW de potencia asociadas a modalidades de suministro con autoconsumo con excedentes estar\u00e1n exentas de la obligaci\u00f3n de inscripci\u00f3n en el registro administrativo de instalaciones de producci\u00f3n de energ\u00eda el\u00e9ctrica.<\/p>\n<p>No obstante, las Comunidades Aut\u00f3nomas y las Ciudades Aut\u00f3nomas de Ceuta y Melilla podr\u00e1n dar de alta, de oficio, dichas instalaciones en sus respectivos registros administrativos de autoconsumo. El Gobierno establecer\u00e1 el procedimiento para establecer la forma en la que las CCAA deban remitir dicha informaci\u00f3n al Ministerio de Transici\u00f3n Ecol\u00f3gica para su incorporaci\u00f3n en el registro administrativo de instalaciones de producci\u00f3n de energ\u00eda el\u00e9ctrica.<\/p>\n<p>La norma espec\u00edfica adem\u00e1s que la energ\u00eda autoconsumida de origen renovable, cogeneraci\u00f3n o residuos estar\u00e1 exenta de todo tipo de cargos y peajes.<\/p>\n<p>En el caso en que se produzca transferencia de energ\u00eda a trav\u00e9s de la red de distribuci\u00f3n en instalaciones pr\u00f3ximas a efectos de autoconsumo, el documento legal afirma que se podr\u00e1n establecer las cantidades que resulten de aplicaci\u00f3n por el uso de dicha red de distribuci\u00f3n.<\/p>\n<p>Los excedentes de las instalaciones de generaci\u00f3n asociadas al autoconsumo estar\u00e1n sometidos al mismo tratamiento que la energ\u00eda producida por el resto de las instalaciones de producci\u00f3n, al igual que los d\u00e9ficits de energ\u00eda que los autoconsumidores adquieran a trav\u00e9s de la red de transporte o distribuci\u00f3n estar\u00e1n sometidos al mismo tratamiento que los del resto de consumidores.<\/p>\n<p>Sin perjuicio de lo anterior, reglamentariamente podr\u00e1n desarrollarse mecanismos de compensaci\u00f3n simplificada entre d\u00e9ficits de los autoconsumidores y excedentes de sus instalaciones de producci\u00f3n asociadas, que en todo caso estar\u00e1n limitados a potencias de estas no superiores a 100 kW.<\/p>\n<p>Reglamentariamente se establecer\u00e1n las condiciones administrativas y t\u00e9cnicas para la conexi\u00f3n a la red de las instalaciones de producci\u00f3n asociadas al autoconsumo. Estos requisitos ser\u00e1n proporcionales al tama\u00f1o de la instalaci\u00f3n y a la modalidad de autoconsumo.<\/p>\n<p>Las instalaciones en modalidad de suministro con autoconsumo sin excedentes de hasta 100 kW se someter\u00e1n exclusivamente a los reglamentos t\u00e9cnicos correspondientes. En particular, las instalaciones de suministro con autoconsumo conectadas en baja tensi\u00f3n se ejecutar\u00e1n de acuerdo a lo establecido en el Reglamento Electrot\u00e9cnico de Baja Tensi\u00f3n.<\/p>\n<\/div>\n<p>noticia sacada del blog\u00a0<a href=\"https:\/\/www.caloryfrio.com\/\" target=\"_blank\" rel=\"noopener noreferrer\">https:\/\/www.caloryfrio.com\/<\/a><\/p>\n<p>y os dejo el link de la noticia por si quer\u00e9is leerla completa\u00a0<a href=\"https:\/\/goo.gl\/PgK6eN\" target=\"_blank\" rel=\"noopener noreferrer\">https:\/\/goo.gl\/PgK6eN<\/a><\/p>\n<p>bueno hasta aqu\u00ed el d\u00eda de hoy, creemos que es una noticia que se merec\u00eda este post,<\/p>\n<p>espero que compart\u00e1is en vuestro muro de <a href=\"https:\/\/www.facebook.com\/Davofrio\" target=\"_blank\" rel=\"noopener\">Facebook<\/a> la publicaci\u00f3n, as\u00ed nos ayud\u00e1is a que sigamos subiendo noticias y que le puls\u00e1is a\u00a0<a href=\"https:\/\/www.facebook.com\/Davofrio\" target=\"_blank\" rel=\"noopener\">me gusta<\/a>\u00a0en Facebook y a <a href=\"https:\/\/twitter.com\/davofrio1\" target=\"_blank\" rel=\"noopener\">twitter<\/a> y tambi\u00e9n en nuestro canal de <a href=\"https:\/\/www.youtube.com\/results?search_query=davofrio\" target=\"_blank\" rel=\"noopener\">YouTube<\/a>, me da \u00e1nimos a seguir subiendo para teneros informados de todas las noticias relacionadas a aire acondicionado<\/p>\n<p>\u00a1Os seguiremos informando!<\/p>\n<p>y visitar nuestra web <a href=\"https:\/\/www.davofrio.com\/fr\/\">https:\/\/www.davofrio.com\/<\/a><\/p>\n<p><u>y en nuestro blog que pod\u00e9is encontrar noticias bastante interesantes<\/u><\/p>\n<p><a href=\"https:\/\/www.davofrio.com\/fr\/blog\/\">https:\/\/www.davofrio.com\/blog<\/a><\/p>\n<p>#davofrio\u00a0 \u00a0#serviciotecnico\u00a0 #sat<\/p>\n<p>@davofrio\u00a0 @servicitecnico\u00a0 @SAT<\/p>","protected":false},"excerpt":{"rendered":"<p>El pasado s\u00e1bado 6 de octubre se public\u00f3 el RD 15\/2018 de medidas urgentes para la transici\u00f3n energ\u00e9tica y la protecci\u00f3n de los consumidores por el que el Gobierno pretende abordar con car\u00e1cter urgente la actual subida en los\u00a0precios de la luz\u00a0adoptando adem\u00e1s, una serie de medidas encaminadas a acelerar la transici\u00f3n energ\u00e9tica hacia un &#8230; <a title=\"Derogado el impuesto al sol; se reconoce el derecho al autoconsumo el\u00e9ctrico\" class=\"read-more\" href=\"https:\/\/www.davofrio.com\/fr\/derogado-el-impuesto-al-sol-se-reconoce-el-derecho-al-autoconsumo-electrico\/\" aria-label=\"En savoir plus sur Derogado el impuesto al sol; se reconoce el derecho al autoconsumo el\u00e9ctrico\">Lire plus<\/a><\/p>","protected":false},"author":1,"featured_media":1667,"comment_status":"closed","ping_status":"closed","sticky":false,"template":"","format":"standard","meta":{"footnotes":""},"categories":[105],"tags":[],"class_list":["post-1665","post","type-post","status-publish","format-standard","has-post-thumbnail","hentry","category-blog"],"_links":{"self":[{"href":"https:\/\/www.davofrio.com\/fr\/wp-json\/wp\/v2\/posts\/1665","targetHints":{"allow":["GET"]}}],"collection":[{"href":"https:\/\/www.davofrio.com\/fr\/wp-json\/wp\/v2\/posts"}],"about":[{"href":"https:\/\/www.davofrio.com\/fr\/wp-json\/wp\/v2\/types\/post"}],"author":[{"embeddable":true,"href":"https:\/\/www.davofrio.com\/fr\/wp-json\/wp\/v2\/users\/1"}],"replies":[{"embeddable":true,"href":"https:\/\/www.davofrio.com\/fr\/wp-json\/wp\/v2\/comments?post=1665"}],"version-history":[{"count":4,"href":"https:\/\/www.davofrio.com\/fr\/wp-json\/wp\/v2\/posts\/1665\/revisions"}],"predecessor-version":[{"id":14756,"href":"https:\/\/www.davofrio.com\/fr\/wp-json\/wp\/v2\/posts\/1665\/revisions\/14756"}],"wp:featuredmedia":[{"embeddable":true,"href":"https:\/\/www.davofrio.com\/fr\/wp-json\/wp\/v2\/media\/1667"}],"wp:attachment":[{"href":"https:\/\/www.davofrio.com\/fr\/wp-json\/wp\/v2\/media?parent=1665"}],"wp:term":[{"taxonomy":"category","embeddable":true,"href":"https:\/\/www.davofrio.com\/fr\/wp-json\/wp\/v2\/categories?post=1665"},{"taxonomy":"post_tag","embeddable":true,"href":"https:\/\/www.davofrio.com\/fr\/wp-json\/wp\/v2\/tags?post=1665"}],"curies":[{"name":"wp","href":"https:\/\/api.w.org\/{rel}","templated":true}]}}