{"id":13676,"date":"2024-02-19T16:28:15","date_gmt":"2024-02-19T15:28:15","guid":{"rendered":"https:\/\/www.davofrio.com\/?p=13676"},"modified":"2024-09-19T03:56:32","modified_gmt":"2024-09-19T01:56:32","slug":"ayudas-y-subvenciones-para-placas-solares-en-valencia","status":"publish","type":"post","link":"https:\/\/www.davofrio.com\/fr\/ayudas-y-subvenciones-para-placas-solares-en-valencia\/","title":{"rendered":"Ayudas y subvenciones para Placas Solares en Valencia"},"content":{"rendered":"<div data-elementor-type=\"wp-post\" data-elementor-id=\"13676\" class=\"elementor elementor-13676\" data-elementor-post-type=\"post\">\n\t\t\t\t\t\t<section class=\"elementor-section elementor-top-section elementor-element elementor-element-4d05fc4 elementor-section-boxed elementor-section-height-default elementor-section-height-default\" data-id=\"4d05fc4\" data-element_type=\"section\" data-e-type=\"section\">\n\t\t\t\t\t\t<div class=\"elementor-container elementor-column-gap-default\">\n\t\t\t\t\t<div class=\"elementor-column elementor-col-100 elementor-top-column elementor-element elementor-element-50d953f\" data-id=\"50d953f\" data-element_type=\"column\" data-e-type=\"column\">\n\t\t\t<div class=\"elementor-widget-wrap elementor-element-populated\">\n\t\t\t\t\t\t<div class=\"elementor-element elementor-element-796fe6c elementor-widget elementor-widget-text-editor\" data-id=\"796fe6c\" data-element_type=\"widget\" data-e-type=\"widget\" data-widget_type=\"text-editor.default\">\n\t\t\t\t<div class=\"elementor-widget-container\">\n\t\t\t\t\t\t\t\t\t<p>Descubre c\u00f3mo las subvenciones para placas solares en Valencia y bonificaciones fiscales sobre el IBI, ICO e IRPF disponibles en Valencia\u00a0pueden hacer que la transici\u00f3n a la energ\u00eda solar en tu hogar sea m\u00e1s accesible y rentable. Con una inversi\u00f3n inicial considerable, puedes <b>recuperar la inversi\u00f3n en solo 10 a\u00f1os<\/b>, reduciendo la <b>factura de la luz a una cantidad \u00ednfima<\/b> despu\u00e9s de ese periodo.<\/p><h3><span style=\"color: #000000;\"><b>\u00cdndice de Contenidos:<\/b><\/span><\/h3><ol><li><a href=\"#next-gen\">Ayudas NextGen<\/a><\/li><li><a href=\"#bonificaciones\">Reducciones en el IBI e ICIO<\/a><\/li><li><a href=\"#deducciones\">Rebajas en el IRPF por Instalaci\u00f3n de Placa Solar<\/a><\/li><li><a href=\"#ivace\">Subvenciones auton\u00f3micas del Instituto Valenciano de Competitividad Empresarial (IVACE)<\/a><\/li><li><a href=\"#elegibilidad\">Elegibilidad para las Ayudas Solares en Alicante<\/a><\/li><li><a href=\"#criterios\">Criterios para Acceder a los Incentivos<\/a><\/li><\/ol>\t\t\t\t\t\t\t\t<\/div>\n\t\t\t\t<\/div>\n\t\t\t\t<div class=\"elementor-element elementor-element-422c169 elementor-widget elementor-widget-text-editor\" data-id=\"422c169\" data-element_type=\"widget\" data-e-type=\"widget\" data-widget_type=\"text-editor.default\">\n\t\t\t\t<div class=\"elementor-widget-container\">\n\t\t\t\t\t\t\t\t\t<p>Las ayudas previstas en el Real Decreto 477\/2021 <b>concluyeron el 31 de diciembre de 2023<\/b>. En caso de ampliaci\u00f3n presupuestaria, se priorizar\u00e1 a aquellos solicitantes que ya hayan presentado su solicitud y se encuentren en lista de espera.<\/p><p>Sin embargo, a\u00fan existen las <b>bonificaciones fiscales para la instalaci\u00f3n de placas solares<\/b> en Valencia\u00a0que pueden reducir significativamente el costo de tu proyecto solar, incluidas las ventajosas deducciones en el <b>IRPF<\/b>, <b>IBI <\/b>o <b>ICO<\/b>.<\/p>\t\t\t\t\t\t\t\t<\/div>\n\t\t\t\t<\/div>\n\t\t\t\t<div class=\"elementor-element elementor-element-e0a7092 elementor-widget elementor-widget-text-editor\" data-id=\"e0a7092\" data-element_type=\"widget\" data-e-type=\"widget\" data-widget_type=\"text-editor.default\">\n\t\t\t\t<div class=\"elementor-widget-container\">\n\t\t\t\t\t\t\t\t\t<p>Los propietarios que instalen sistemas solares pueden beneficiarse de importantes descuentos en el <b>Impuesto sobre Bienes Inmuebles<\/b> (IBI) y en el <b>Impuesto sobre Construcciones, Instalaciones y Obras<\/b> (ICIO), lo que reduce a\u00fan m\u00e1s la barrera econ\u00f3mica inicial.<\/p>\t\t\t\t\t\t\t\t<\/div>\n\t\t\t\t<\/div>\n\t\t\t\t\t<\/div>\n\t\t<\/div>\n\t\t\t\t\t<\/div>\n\t\t<\/section>\n\t\t\t\t<section class=\"elementor-section elementor-top-section elementor-element elementor-element-8701124 elementor-section-boxed elementor-section-height-default elementor-section-height-default\" data-id=\"8701124\" data-element_type=\"section\" data-e-type=\"section\">\n\t\t\t\t\t\t<div class=\"elementor-container elementor-column-gap-default\">\n\t\t\t\t\t<div class=\"elementor-column elementor-col-100 elementor-top-column elementor-element elementor-element-e8f96e5\" data-id=\"e8f96e5\" data-element_type=\"column\" data-e-type=\"column\">\n\t\t\t<div class=\"elementor-widget-wrap elementor-element-populated\">\n\t\t\t\t\t\t<div class=\"elementor-element elementor-element-fe66072 elementor-widget elementor-widget-html\" data-id=\"fe66072\" data-element_type=\"widget\" data-e-type=\"widget\" data-widget_type=\"html.default\">\n\t\t\t\t<div class=\"elementor-widget-container\">\n\t\t\t\t\t<table>\r\n  <thead>\r\n    <tr>\r\n      <th scope=\"col\">Ayuntamiento<\/th>\r\n      <th scope=\"col\">IBI<\/th>\r\n      <th scope=\"col\">A\u00f1os<\/th>\r\n      <th scope=\"col\">Uso aplicable<\/th>\r\n      <th scope=\"col\">ICIO<\/th>\r\n    <\/tr>\r\n  <\/thead>\r\n  <tbody>\r\n    <tr>\r\n      <td data-label=\"Ayuntamiento\">Valencia<\/td>\r\n      <td data-label=\"IBI\">50 %<\/td>\r\n      <td data-label=\"A\u00f1os\">3<\/td>\r\n      <td data-label=\"Uso aplicable\">RESIDENCIAL<\/td>\r\n      <td data-label=\"ICIO\">95 %<\/td>\r\n    <\/tr>\r\n    <tr>\r\n      <td scope=\"row\" data-label=\"Ayuntamiento\">Ll\u00edria<\/td>\r\n      <td data-label=\"IBI\">50 %<\/td>\r\n      <td data-label=\"A\u00f1os\">4<\/td>\r\n      <td data-label=\"Uso aplicable\">RESIDENCIAL<\/td>\r\n      <td data-label=\"ICIO\">90 %<\/td>\r\n    <\/tr>\r\n    <tr>\r\n      <td scope=\"row\" data-label=\"Ayuntamiento\">La Pobla de Vallbona<\/td>\r\n      <td data-label=\"IBI\">50 %<\/td>\r\n      <td data-label=\"A\u00f1os\">5<\/td>\r\n      <td data-label=\"Uso aplicable\">RESIDENCIAL<\/td>\r\n      <td data-label=\"ICIO\">95 %<\/td>\r\n    <\/tr>\r\n    <tr>\r\n      <td scope=\"row\" data-label=\"Ayuntamiento\">Benic\u00e0ssim<\/td>\r\n      <td data-label=\"IBI\">50 %<\/td>\r\n      <td data-label=\"Amount\">5<\/td>\r\n      <td data-label=\"Uso aplicable\">RESIDENCIAL<\/td>\r\n      <td data-label=\"ICIO\">95 %<\/td>\r\n    <\/tr>\r\n    <tr>\r\n      <td scope=\"row\" data-label=\"Ayuntamiento\">Castell\u00f3n de la Plana<\/td>\r\n      <td data-label=\"IBI\">50 %<\/td>\r\n      <td data-label=\"A\u00f1os\">10<\/td>\r\n      <td data-label=\"Uso aplicable\">TODOS<\/td>\r\n      <td data-label=\"ICIO\">95 %<\/td>\r\n    <\/tr>\r\n  <\/tbody>\r\n<\/table>\t\t\t\t<\/div>\n\t\t\t\t<\/div>\n\t\t\t\t<div class=\"elementor-element elementor-element-b5152d0 elementor-widget elementor-widget-text-editor\" data-id=\"b5152d0\" data-element_type=\"widget\" data-e-type=\"widget\" data-widget_type=\"text-editor.default\">\n\t\t\t\t<div class=\"elementor-widget-container\">\n\t\t\t\t\t\t\t\t\t<p>Residentes de Valencia, \u00a1buenas noticias! Al optar por la instalaci\u00f3n de paneles solares, podr\u00e1n beneficiarse de deducciones fiscales que van desde el <b>20% hasta el 40% <\/b>del gasto realizado, con un <b>l\u00edmite de hasta 5.000 euros<\/b>, aplicables sobre el IRPF.<\/p><p>\u00a0<\/p><p><b>Para aquellos que residan en edificios<\/b> que han sido objeto de mejoras energ\u00e9ticas, las ventajas son a\u00fan mayores. Podr\u00e1n disfrutar de una deducci\u00f3n incrementada <b>hasta el 60%<\/b>, siempre y <b>cuando se logre una reducci\u00f3n del 30% en el uso de energ\u00eda primaria no renovable<\/b>.<\/p>\t\t\t\t\t\t\t\t<\/div>\n\t\t\t\t<\/div>\n\t\t\t\t<div class=\"elementor-element elementor-element-f2e8007 elementor-widget__width-initial elementor-widget elementor-widget-text-editor\" data-id=\"f2e8007\" data-element_type=\"widget\" data-e-type=\"widget\" data-widget_type=\"text-editor.default\">\n\t\t\t\t<div class=\"elementor-widget-container\">\n\t\t\t\t\t\t\t\t\t<p>El Instituto Valenciano de Competitividad Empresarial (IVACE) brinda una certificaci\u00f3n que facilita el acceso a <b>beneficios fiscales en el IRPF<\/b> para proyectos de autoconsumo y renovables en la regi\u00f3n.<\/p>\n<p>Propietarios de viviendas principales que instalen sistemas solares de autoconsumo pueden beneficiarse de una deducci\u00f3n del <b>40%<\/b> en la inversi\u00f3n realizada, mientras que para las residencias secundarias, el beneficio fiscal ser\u00e1 del <b>20%.<\/b><\/p>\t\t\t\t\t\t\t\t<\/div>\n\t\t\t\t<\/div>\n\t\t\t\t<div class=\"elementor-element elementor-element-6d08e8f elementor-widget elementor-widget-text-editor\" data-id=\"6d08e8f\" data-element_type=\"widget\" data-e-type=\"widget\" data-widget_type=\"text-editor.default\">\n\t\t\t\t<div class=\"elementor-widget-container\">\n\t\t\t\t\t\t\t\t\t<p class=\"translation-block\"><span style=\"font-family: var( --e-global-typography-text-font-family ), Sans-serif;font-size: var( --e-global-typography-text-font-size );font-weight: var( --e-global-typography-text-font-weight )\">Notre <\/span><b>installation de panneaux solaires \u00e0 Valencia, Alicante et Murcia<\/b><span style=\"font-family: var( --e-global-typography-text-font-family ), Sans-serif\"><span style=\"font-weight: var( --e-global-typography-text-font-weight )\"> fonctionne gr\u00e2ce \u00e0 l\u2019exploitation du courant g\u00e9n\u00e9r\u00e9 <\/span><\/span><strong style=\"font-family: var( --e-global-typography-text-font-family ), Sans-serif;font-size: var( --e-global-typography-text-font-size )\">avec ou sans batteries<\/strong><span style=\"font-family: var( --e-global-typography-text-font-family ), Sans-serif;font-size: var( --e-global-typography-text-font-size );font-weight: var( --e-global-typography-text-font-weight )\">.<\/span><\/p>\n<p>Dans ce dernier cas, l\u2019\u00e9nergie n\u2019est pas stock\u00e9e mais consomm\u00e9e pendant les heures d\u2019ensoleillement. Par exemple, lors de t\u00e2ches quotidiennes comme faire fonctionner la machine \u00e0 laver ou le lave-vaisselle. La nuit, les utilisateurs peuvent toujours recourir au r\u00e9seau \u00e9lectrique conventionnel.<\/p>\n<p>Adem\u00e1s, esta tecnolog\u00eda no necesita grandes gastos en combustibles y es amigable con el planeta.<strong>&nbsp;<\/strong>Los <a href=\"https:\/\/www.climaprecio.es\/bomba-de-calor-bibloc\/aerotermia-daikin-altherma-3-supra-ravx1423ev\/?mot_tcid=63830df8-8a45-4a6a-a938-4331cfcd918e&amp;mot_q=placas+solares\" target=\"_blank\" rel=\"noopener\">paneles solares<\/a> tienen una<b> larga vida \u00fatil,&nbsp;aproximadamente 30 a\u00f1os<\/b>, y pueden proporcionar electricidad durante todo el a\u00f1o sin problemas.<\/p>\t\t\t\t\t\t\t\t<\/div>\n\t\t\t\t<\/div>\n\t\t\t\t<div class=\"elementor-element elementor-element-289865c elementor-align-left elementor-widget elementor-widget-button\" data-id=\"289865c\" data-element_type=\"widget\" data-e-type=\"widget\" data-widget_type=\"button.default\">\n\t\t\t\t<div class=\"elementor-widget-container\">\n\t\t\t\t\t\t\t\t\t<div class=\"elementor-button-wrapper\">\n\t\t\t\t\t<a class=\"elementor-button elementor-button-link elementor-size-md\" href=\"\/fr\/energias-renovables\/placas-solares-fotovoltaica\/\">\n\t\t\t\t\t\t<span class=\"elementor-button-content-wrapper\">\n\t\t\t\t\t\t\t\t\t<span class=\"elementor-button-text\">CONOCER M\u00c1S<\/span>\n\t\t\t\t\t<\/span>\n\t\t\t\t\t<\/a>\n\t\t\t\t<\/div>\n\t\t\t\t\t\t\t\t<\/div>\n\t\t\t\t<\/div>\n\t\t\t\t<div class=\"elementor-element elementor-element-b72339e elementor-widget elementor-widget-image\" data-id=\"b72339e\" data-element_type=\"widget\" data-e-type=\"widget\" data-widget_type=\"image.default\">\n\t\t\t\t<div class=\"elementor-widget-container\">\n\t\t\t\t\t\t\t\t\t\t\t\t\t\t\t<img fetchpriority=\"high\" decoding=\"async\" width=\"1024\" height=\"768\" src=\"https:\/\/www.davofrio.com\/wp-content\/uploads\/2024\/01\/Operario-instalando-placa-solar-1024x768.jpg\" class=\"attachment-large size-large wp-image-11471\" alt=\"Davofr\u00edo -Subvenciones para placas solares en Alicante - Operario instalando placa solar\" srcset=\"https:\/\/www.davofrio.com\/wp-content\/uploads\/2024\/01\/Operario-instalando-placa-solar-1024x768.jpg 1024w, https:\/\/www.davofrio.com\/wp-content\/uploads\/2024\/01\/Operario-instalando-placa-solar-300x225.jpg 300w, https:\/\/www.davofrio.com\/wp-content\/uploads\/2024\/01\/Operario-instalando-placa-solar-1536x1152.jpg 1536w, https:\/\/www.davofrio.com\/wp-content\/uploads\/2024\/01\/Operario-instalando-placa-solar-2048x1536.jpg 2048w, https:\/\/www.davofrio.com\/wp-content\/uploads\/2024\/01\/Operario-instalando-placa-solar-600x450.jpg 600w\" sizes=\"(max-width: 1024px) 100vw, 1024px\" \/>\t\t\t\t\t\t\t\t\t\t\t\t\t\t\t<\/div>\n\t\t\t\t<\/div>\n\t\t\t\t<div class=\"elementor-element elementor-element-b993864 elementor-widget elementor-widget-text-editor\" data-id=\"b993864\" data-element_type=\"widget\" data-e-type=\"widget\" data-widget_type=\"text-editor.default\">\n\t\t\t\t<div class=\"elementor-widget-container\">\n\t\t\t\t\t\t\t\t\t<p>Se asignaron 121 millones de euros a cinco distintos programas de fomento, beneficiando a una amplia gama de entidades, para <b>particulares <\/b>y <b>empresas<\/b>. Lamentablemente, como hemos mencionado, ha <b>finalizado el periodo de presentaci\u00f3n <\/b>para las\u00a0subvenciones para placas solares en Valencia\u00a0<span style=\"font-family: var( --e-global-typography-text-font-family ), Sans-serif; font-size: var( --e-global-typography-text-font-size ); font-weight: var( --e-global-typography-text-font-weight );\">.<\/span><\/p><p>Estos fondos est\u00e1n pensados para apoyar la creaci\u00f3n de sistemas de autoconsumo energ\u00e9tico, tales como instalaciones solares, y permiten la integraci\u00f3n de sistemas de almacenamiento de energ\u00eda, tanto en proyectos nuevos como en sistemas preexistentes.<\/p><p>Los <b>primeros tres programas<\/b> est\u00e1n dise\u00f1ados para <b>compa\u00f1\u00edas y entidades<\/b> que buscan implementar o expandir sus sistemas de autoconsumo utilizando energ\u00edas limpias, con o sin la opci\u00f3n de almacenamiento.<\/p><p>Los <b>programas cuatro y cinco<\/b> se enfocan en promover el autoconsumo en <b>hogares<\/b>, <b>entes gubernamentales<\/b> y <b>organizaciones no lucrativas<\/b>, aline\u00e1ndose con los objetivos de los programas anteriores.<\/p><p>Es crucial <b>mantenerse alerta<\/b> y bien informado acerca de las<b> futuras convocatorias<\/b> de las subvenciones para placas solares en Alicante NextGen. Estas ayudas representan una oportunidad invaluable para quienes desean implementar soluciones energ\u00e9ticas sostenibles y eficientes en sus hogares o negocios.<\/p><p>\u00a0<\/p>\t\t\t\t\t\t\t\t<\/div>\n\t\t\t\t<\/div>\n\t\t\t\t<div class=\"elementor-element elementor-element-c5a3655 elementor-widget elementor-widget-text-editor\" data-id=\"c5a3655\" data-element_type=\"widget\" data-e-type=\"widget\" data-widget_type=\"text-editor.default\">\n\t\t\t\t<div class=\"elementor-widget-container\">\n\t\t\t\t\t\t\t\t\t<ul>\n<li>\u00danicamente se considerar\u00e1n elegibles para recibir subvenciones aquellas instalaciones fotovoltaicas o sistemas de almacenamiento energ\u00e9tico que hayan sido instalados <b>despu\u00e9s del 30 de junio de 2021<\/b>.<\/li>\n<li>En el transcurso de <b>un a\u00f1o<\/b>, la cantidad <b>total de electricidad<\/b> utilizada por el consumidor o consumidores vinculados a la instalaci\u00f3n subvencionada sea <b>igual o superior al 80% del total de energ\u00eda producida<\/b> por dicha instalaci\u00f3n en el mismo periodo.<\/li><\/ul>\t\t\t\t\t\t\t\t<\/div>\n\t\t\t\t<\/div>\n\t\t\t\t<div class=\"elementor-element elementor-element-7818e24 elementor-widget elementor-widget-image\" data-id=\"7818e24\" data-element_type=\"widget\" data-e-type=\"widget\" data-widget_type=\"image.default\">\n\t\t\t\t<div class=\"elementor-widget-container\">\n\t\t\t\t\t\t\t\t\t\t\t\t\t\t\t<img decoding=\"async\" width=\"1024\" height=\"684\" src=\"https:\/\/www.davofrio.com\/wp-content\/uploads\/2024\/02\/Instaladores-de-placas-solares-Davofrio-1-1024x684.jpg\" class=\"attachment-large size-large wp-image-13692\" alt=\"Davofr\u00edo - Subvenciones para placas solares en Valencia - Foto de instaladores de placas solares\" srcset=\"https:\/\/www.davofrio.com\/wp-content\/uploads\/2024\/02\/Instaladores-de-placas-solares-Davofrio-1-1024x684.jpg 1024w, https:\/\/www.davofrio.com\/wp-content\/uploads\/2024\/02\/Instaladores-de-placas-solares-Davofrio-1-300x200.jpg 300w, https:\/\/www.davofrio.com\/wp-content\/uploads\/2024\/02\/Instaladores-de-placas-solares-Davofrio-1-1536x1025.jpg 1536w, https:\/\/www.davofrio.com\/wp-content\/uploads\/2024\/02\/Instaladores-de-placas-solares-Davofrio-1-2048x1367.jpg 2048w\" sizes=\"(max-width: 1024px) 100vw, 1024px\" \/>\t\t\t\t\t\t\t\t\t\t\t\t\t\t\t<\/div>\n\t\t\t\t<\/div>\n\t\t\t\t\t<\/div>\n\t\t<\/div>\n\t\t\t\t\t<\/div>\n\t\t<\/section>\n\t\t\t\t<section class=\"elementor-section elementor-top-section elementor-element elementor-element-2ada5b3 elementor-section-full_width elementor-section-height-default elementor-section-height-default\" data-id=\"2ada5b3\" data-element_type=\"section\" data-e-type=\"section\" data-settings=\"{&quot;background_background&quot;:&quot;video&quot;,&quot;background_video_link&quot;:&quot;https:\\\/\\\/www.davofrio.com\\\/wp-content\\\/uploads\\\/2024\\\/02\\\/Video-energias-renobables.mp4&quot;}\">\n\t\t\t\t\t\t\t\t<div class=\"elementor-background-video-container elementor-hidden-mobile\">\n\t\t\t\t\t\t\t\t\t\t\t\t\t<video class=\"elementor-background-video-hosted\" role=\"presentation\" autoplay muted playsinline loop><\/video>\n\t\t\t\t\t\t\t\t\t\t\t<\/div>\n\t\t\t\t\t\t\t\t<div class=\"elementor-container elementor-column-gap-default\">\n\t\t\t\t\t<div class=\"elementor-column elementor-col-50 elementor-top-column elementor-element elementor-element-efe1eb6\" data-id=\"efe1eb6\" data-element_type=\"column\" data-e-type=\"column\" data-settings=\"{&quot;background_background&quot;:&quot;classic&quot;}\">\n\t\t\t<div class=\"elementor-widget-wrap elementor-element-populated\">\n\t\t\t\t\t\t<div class=\"elementor-element elementor-element-918a2aa elementor-position-top elementor-widget elementor-widget-image-box\" data-id=\"918a2aa\" data-element_type=\"widget\" data-e-type=\"widget\" data-widget_type=\"image-box.default\">\n\t\t\t\t<div class=\"elementor-widget-container\">\n\t\t\t\t\t<div class=\"elementor-image-box-wrapper\"><figure class=\"elementor-image-box-img\"><img decoding=\"async\" width=\"327\" height=\"75\" src=\"https:\/\/www.davofrio.com\/wp-content\/uploads\/2024\/02\/Logo-Davofrio.png\" class=\"attachment-full size-full wp-image-13557\" alt=\"\" srcset=\"https:\/\/www.davofrio.com\/wp-content\/uploads\/2024\/02\/Logo-Davofrio.png 327w, https:\/\/www.davofrio.com\/wp-content\/uploads\/2024\/02\/Logo-Davofrio-300x69.png 300w\" sizes=\"(max-width: 327px) 100vw, 327px\" \/><\/figure><\/div>\t\t\t\t<\/div>\n\t\t\t\t<\/div>\n\t\t\t\t<section class=\"elementor-section elementor-inner-section elementor-element elementor-element-d2f625f elementor-section-boxed elementor-section-height-default elementor-section-height-default\" data-id=\"d2f625f\" data-element_type=\"section\" data-e-type=\"section\">\n\t\t\t\t\t\t<div class=\"elementor-container elementor-column-gap-default\">\n\t\t\t\t\t<div class=\"elementor-column elementor-col-50 elementor-inner-column elementor-element elementor-element-a33f28c\" data-id=\"a33f28c\" data-element_type=\"column\" data-e-type=\"column\">\n\t\t\t<div class=\"elementor-widget-wrap elementor-element-populated\">\n\t\t\t\t\t\t<div class=\"elementor-element elementor-element-744e680 elementor-widget elementor-widget-image-box\" data-id=\"744e680\" data-element_type=\"widget\" data-e-type=\"widget\" data-widget_type=\"image-box.default\">\n\t\t\t\t<div class=\"elementor-widget-container\">\n\t\t\t\t\t<div class=\"elementor-image-box-wrapper\"><div class=\"elementor-image-box-content\"><h3 class=\"elementor-image-box-title translation-block\">Solutions de <b>CLIMATISATION<\/b><\/h3><\/div><\/div>\t\t\t\t<\/div>\n\t\t\t\t<\/div>\n\t\t\t\t<div class=\"elementor-element elementor-element-3520cfc elementor-align-start elementor-icon-list--layout-traditional elementor-list-item-link-full_width elementor-widget elementor-widget-icon-list\" data-id=\"3520cfc\" data-element_type=\"widget\" data-e-type=\"widget\" data-widget_type=\"icon-list.default\">\n\t\t\t\t<div class=\"elementor-widget-container\">\n\t\t\t\t\t\t\t<ul class=\"elementor-icon-list-items\">\n\t\t\t\t\t\t\t<li class=\"elementor-icon-list-item\">\n\t\t\t\t\t\t\t\t\t\t\t<a href=\"\/fr\/aire-acondicionado\/\">\n\n\t\t\t\t\t\t\t\t\t\t\t\t<span class=\"elementor-icon-list-icon\">\n\t\t\t\t\t\t\t<i aria-hidden=\"true\" class=\"fas fa-check\"><\/i>\t\t\t\t\t\t<\/span>\n\t\t\t\t\t\t\t\t\t\t<span class=\"elementor-icon-list-text\">climatisation<\/span>\n\t\t\t\t\t\t\t\t\t\t\t<\/a>\n\t\t\t\t\t\t\t\t\t<\/li>\n\t\t\t\t\t\t\t\t<li class=\"elementor-icon-list-item\">\n\t\t\t\t\t\t\t\t\t\t\t<a href=\"\/fr\/energias-renovables\/aerotermia\/\">\n\n\t\t\t\t\t\t\t\t\t\t\t\t<span class=\"elementor-icon-list-icon\">\n\t\t\t\t\t\t\t<i aria-hidden=\"true\" class=\"fas fa-check\"><\/i>\t\t\t\t\t\t<\/span>\n\t\t\t\t\t\t\t\t\t\t<span class=\"elementor-icon-list-text\"> A\u00e9rothermie<\/span>\n\t\t\t\t\t\t\t\t\t\t\t<\/a>\n\t\t\t\t\t\t\t\t\t<\/li>\n\t\t\t\t\t\t\t\t<li class=\"elementor-icon-list-item\">\n\t\t\t\t\t\t\t\t\t\t\t<a href=\"\/fr\/enfriadoras-y-vrv\/\">\n\n\t\t\t\t\t\t\t\t\t\t\t\t<span class=\"elementor-icon-list-icon\">\n\t\t\t\t\t\t\t<i aria-hidden=\"true\" class=\"fas fa-check\"><\/i>\t\t\t\t\t\t<\/span>\n\t\t\t\t\t\t\t\t\t\t<span class=\"elementor-icon-list-text\">  Groupes frigorifiques<\/span>\n\t\t\t\t\t\t\t\t\t\t\t<\/a>\n\t\t\t\t\t\t\t\t\t<\/li>\n\t\t\t\t\t\t\t\t<li class=\"elementor-icon-list-item\">\n\t\t\t\t\t\t\t\t\t\t\t<a href=\"\/fr\/energias-renovables\/placas-solares-fotovoltaica\/\">\n\n\t\t\t\t\t\t\t\t\t\t\t\t<span class=\"elementor-icon-list-icon\">\n\t\t\t\t\t\t\t<i aria-hidden=\"true\" class=\"fas fa-check\"><\/i>\t\t\t\t\t\t<\/span>\n\t\t\t\t\t\t\t\t\t\t<span class=\"elementor-icon-list-text\">panneau solaire photovolta\u00efque<\/span>\n\t\t\t\t\t\t\t\t\t\t\t<\/a>\n\t\t\t\t\t\t\t\t\t<\/li>\n\t\t\t\t\t\t\t\t<li class=\"elementor-icon-list-item\">\n\t\t\t\t\t\t\t\t\t\t\t<a href=\"\/fr\/domotica\/\">\n\n\t\t\t\t\t\t\t\t\t\t\t\t<span class=\"elementor-icon-list-icon\">\n\t\t\t\t\t\t\t<i aria-hidden=\"true\" class=\"fas fa-check\"><\/i>\t\t\t\t\t\t<\/span>\n\t\t\t\t\t\t\t\t\t\t<span class=\"elementor-icon-list-text\">Domotique<\/span>\n\t\t\t\t\t\t\t\t\t\t\t<\/a>\n\t\t\t\t\t\t\t\t\t<\/li>\n\t\t\t\t\t\t\t\t<li class=\"elementor-icon-list-item\">\n\t\t\t\t\t\t\t\t\t\t\t<a href=\"\/fr\/calefaccion\/suelo-radiante\/\">\n\n\t\t\t\t\t\t\t\t\t\t\t\t<span class=\"elementor-icon-list-icon\">\n\t\t\t\t\t\t\t<i aria-hidden=\"true\" class=\"fas fa-check\"><\/i>\t\t\t\t\t\t<\/span>\n\t\t\t\t\t\t\t\t\t\t<span class=\"elementor-icon-list-text\">plancher chauffant<\/span>\n\t\t\t\t\t\t\t\t\t\t\t<\/a>\n\t\t\t\t\t\t\t\t\t<\/li>\n\t\t\t\t\t\t\t\t<li class=\"elementor-icon-list-item\">\n\t\t\t\t\t\t\t\t\t\t\t<a href=\"\/fr\/energias-renovables\/geotermia\/\">\n\n\t\t\t\t\t\t\t\t\t\t\t\t<span class=\"elementor-icon-list-icon\">\n\t\t\t\t\t\t\t<i aria-hidden=\"true\" class=\"fas fa-check\"><\/i>\t\t\t\t\t\t<\/span>\n\t\t\t\t\t\t\t\t\t\t<span class=\"elementor-icon-list-text\">\u00c9nergie g\u00e9othermique<\/span>\n\t\t\t\t\t\t\t\t\t\t\t<\/a>\n\t\t\t\t\t\t\t\t\t<\/li>\n\t\t\t\t\t\t\t\t<li class=\"elementor-icon-list-item\">\n\t\t\t\t\t\t\t\t\t\t\t<a href=\"\/fr\/energias-renovables\/biomasa\/\">\n\n\t\t\t\t\t\t\t\t\t\t\t\t<span class=\"elementor-icon-list-icon\">\n\t\t\t\t\t\t\t<i aria-hidden=\"true\" class=\"fas fa-check\"><\/i>\t\t\t\t\t\t<\/span>\n\t\t\t\t\t\t\t\t\t\t<span class=\"elementor-icon-list-text\">Biomasse<\/span>\n\t\t\t\t\t\t\t\t\t\t\t<\/a>\n\t\t\t\t\t\t\t\t\t<\/li>\n\t\t\t\t\t\t\t\t<li class=\"elementor-icon-list-item\">\n\t\t\t\t\t\t\t\t\t\t\t<a href=\"\/fr\/calefaccion\/\">\n\n\t\t\t\t\t\t\t\t\t\t\t\t<span class=\"elementor-icon-list-icon\">\n\t\t\t\t\t\t\t<i aria-hidden=\"true\" class=\"fas fa-check\"><\/i>\t\t\t\t\t\t<\/span>\n\t\t\t\t\t\t\t\t\t\t<span class=\"elementor-icon-list-text\">Chauffage <\/span>\n\t\t\t\t\t\t\t\t\t\t\t<\/a>\n\t\t\t\t\t\t\t\t\t<\/li>\n\t\t\t\t\t\t<\/ul>\n\t\t\t\t\t\t<\/div>\n\t\t\t\t<\/div>\n\t\t\t\t\t<\/div>\n\t\t<\/div>\n\t\t\t\t<div class=\"elementor-column elementor-col-50 elementor-inner-column elementor-element elementor-element-1b157ab\" data-id=\"1b157ab\" data-element_type=\"column\" data-e-type=\"column\">\n\t\t\t<div class=\"elementor-widget-wrap elementor-element-populated\">\n\t\t\t\t\t\t<div class=\"elementor-element elementor-element-8992cf4 elementor-widget elementor-widget-image-box\" data-id=\"8992cf4\" data-element_type=\"widget\" data-e-type=\"widget\" data-widget_type=\"image-box.default\">\n\t\t\t\t<div class=\"elementor-widget-container\">\n\t\t\t\t\t<div class=\"elementor-image-box-wrapper\"><div class=\"elementor-image-box-content\"><h3 class=\"elementor-image-box-title translation-block\">Solutions <b>commerciales<\/b><\/h3><\/div><\/div>\t\t\t\t<\/div>\n\t\t\t\t<\/div>\n\t\t\t\t<div class=\"elementor-element elementor-element-1e36d31 elementor-align-start elementor-icon-list--layout-traditional elementor-list-item-link-full_width elementor-widget elementor-widget-icon-list\" data-id=\"1e36d31\" data-element_type=\"widget\" data-e-type=\"widget\" data-widget_type=\"icon-list.default\">\n\t\t\t\t<div class=\"elementor-widget-container\">\n\t\t\t\t\t\t\t<ul class=\"elementor-icon-list-items\">\n\t\t\t\t\t\t\t<li class=\"elementor-icon-list-item\">\n\t\t\t\t\t\t\t\t\t\t\t<span class=\"elementor-icon-list-icon\">\n\t\t\t\t\t\t\t<i aria-hidden=\"true\" class=\"fas fa-check\"><\/i>\t\t\t\t\t\t<\/span>\n\t\t\t\t\t\t\t\t\t\t<span class=\"elementor-icon-list-text\">H\u00f4tels<\/span>\n\t\t\t\t\t\t\t\t\t<\/li>\n\t\t\t\t\t\t\t\t<li class=\"elementor-icon-list-item\">\n\t\t\t\t\t\t\t\t\t\t\t<span class=\"elementor-icon-list-icon\">\n\t\t\t\t\t\t\t<i aria-hidden=\"true\" class=\"fas fa-check\"><\/i>\t\t\t\t\t\t<\/span>\n\t\t\t\t\t\t\t\t\t\t<span class=\"elementor-icon-list-text\"> B\u00e2timents commerciaux<\/span>\n\t\t\t\t\t\t\t\t\t<\/li>\n\t\t\t\t\t\t\t\t<li class=\"elementor-icon-list-item\">\n\t\t\t\t\t\t\t\t\t\t\t<span class=\"elementor-icon-list-icon\">\n\t\t\t\t\t\t\t<i aria-hidden=\"true\" class=\"fas fa-check\"><\/i>\t\t\t\t\t\t<\/span>\n\t\t\t\t\t\t\t\t\t\t<span class=\"elementor-icon-list-text\">  Commerce de d\u00e9tail<\/span>\n\t\t\t\t\t\t\t\t\t<\/li>\n\t\t\t\t\t\t\t\t<li class=\"elementor-icon-list-item\">\n\t\t\t\t\t\t\t\t\t\t\t<span class=\"elementor-icon-list-icon\">\n\t\t\t\t\t\t\t<i aria-hidden=\"true\" class=\"fas fa-check\"><\/i>\t\t\t\t\t\t<\/span>\n\t\t\t\t\t\t\t\t\t\t<span class=\"elementor-icon-list-text\">B\u00e2timents administratifs<\/span>\n\t\t\t\t\t\t\t\t\t<\/li>\n\t\t\t\t\t\t\t\t<li class=\"elementor-icon-list-item\">\n\t\t\t\t\t\t\t\t\t\t\t<span class=\"elementor-icon-list-icon\">\n\t\t\t\t\t\t\t<i aria-hidden=\"true\" class=\"fas fa-check\"><\/i>\t\t\t\t\t\t<\/span>\n\t\t\t\t\t\t\t\t\t\t<span class=\"elementor-icon-list-text\">Complexes sportifs<\/span>\n\t\t\t\t\t\t\t\t\t<\/li>\n\t\t\t\t\t\t\t\t<li class=\"elementor-icon-list-item\">\n\t\t\t\t\t\t\t\t\t\t\t<span class=\"elementor-icon-list-icon\">\n\t\t\t\t\t\t\t<i aria-hidden=\"true\" class=\"fas fa-check\"><\/i>\t\t\t\t\t\t<\/span>\n\t\t\t\t\t\t\t\t\t\t<span class=\"elementor-icon-list-text\">H\u00f4pitaux<\/span>\n\t\t\t\t\t\t\t\t\t<\/li>\n\t\t\t\t\t\t<\/ul>\n\t\t\t\t\t\t<\/div>\n\t\t\t\t<\/div>\n\t\t\t\t\t<\/div>\n\t\t<\/div>\n\t\t\t\t\t<\/div>\n\t\t<\/section>\n\t\t\t\t<section class=\"elementor-section elementor-inner-section elementor-element elementor-element-468eafa elementor-section-boxed elementor-section-height-default elementor-section-height-default\" data-id=\"468eafa\" data-element_type=\"section\" data-e-type=\"section\">\n\t\t\t\t\t\t<div class=\"elementor-container elementor-column-gap-default\">\n\t\t\t\t\t<div class=\"elementor-column elementor-col-50 elementor-inner-column elementor-element elementor-element-df03af0\" data-id=\"df03af0\" data-element_type=\"column\" data-e-type=\"column\">\n\t\t\t<div class=\"elementor-widget-wrap elementor-element-populated\">\n\t\t\t\t\t\t<div class=\"elementor-element elementor-element-23cb697 elementor-widget elementor-widget-image-box\" data-id=\"23cb697\" data-element_type=\"widget\" data-e-type=\"widget\" data-widget_type=\"image-box.default\">\n\t\t\t\t<div class=\"elementor-widget-container\">\n\t\t\t\t\t<div class=\"elementor-image-box-wrapper\"><div class=\"elementor-image-box-content\"><h3 class=\"elementor-image-box-title translation-block\">Solutions d\u2019<b>\u00e9nergie<\/b><\/h3><\/div><\/div>\t\t\t\t<\/div>\n\t\t\t\t<\/div>\n\t\t\t\t<div class=\"elementor-element elementor-element-e207ca3 elementor-icon-list--layout-traditional elementor-list-item-link-full_width elementor-widget elementor-widget-icon-list\" data-id=\"e207ca3\" data-element_type=\"widget\" data-e-type=\"widget\" data-widget_type=\"icon-list.default\">\n\t\t\t\t<div class=\"elementor-widget-container\">\n\t\t\t\t\t\t\t<ul class=\"elementor-icon-list-items\">\n\t\t\t\t\t\t\t<li class=\"elementor-icon-list-item\">\n\t\t\t\t\t\t\t\t\t\t\t<a href=\"\/fr\/energias-renovables\/placas-solares-fotovoltaica\/\">\n\n\t\t\t\t\t\t\t\t\t\t\t\t<span class=\"elementor-icon-list-icon\">\n\t\t\t\t\t\t\t<i aria-hidden=\"true\" class=\"fas fa-check\"><\/i>\t\t\t\t\t\t<\/span>\n\t\t\t\t\t\t\t\t\t\t<span class=\"elementor-icon-list-text\">\u00c9nergie solaire<\/span>\n\t\t\t\t\t\t\t\t\t\t\t<\/a>\n\t\t\t\t\t\t\t\t\t<\/li>\n\t\t\t\t\t\t\t\t<li class=\"elementor-icon-list-item\">\n\t\t\t\t\t\t\t\t\t\t\t<a href=\"\/fr\/energias-renovables\/geotermia\/\">\n\n\t\t\t\t\t\t\t\t\t\t\t\t<span class=\"elementor-icon-list-icon\">\n\t\t\t\t\t\t\t<i aria-hidden=\"true\" class=\"fas fa-check\"><\/i>\t\t\t\t\t\t<\/span>\n\t\t\t\t\t\t\t\t\t\t<span class=\"elementor-icon-list-text\"> \u00c9nergie g\u00e9othermique<\/span>\n\t\t\t\t\t\t\t\t\t\t\t<\/a>\n\t\t\t\t\t\t\t\t\t<\/li>\n\t\t\t\t\t\t\t\t<li class=\"elementor-icon-list-item\">\n\t\t\t\t\t\t\t\t\t\t\t<a href=\"\/fr\/energias-renovables\/biomasa\/\">\n\n\t\t\t\t\t\t\t\t\t\t\t\t<span class=\"elementor-icon-list-icon\">\n\t\t\t\t\t\t\t<i aria-hidden=\"true\" class=\"fas fa-check\"><\/i>\t\t\t\t\t\t<\/span>\n\t\t\t\t\t\t\t\t\t\t<span class=\"elementor-icon-list-text\">  Biomasse<\/span>\n\t\t\t\t\t\t\t\t\t\t\t<\/a>\n\t\t\t\t\t\t\t\t\t<\/li>\n\t\t\t\t\t\t<\/ul>\n\t\t\t\t\t\t<\/div>\n\t\t\t\t<\/div>\n\t\t\t\t\t<\/div>\n\t\t<\/div>\n\t\t\t\t<div class=\"elementor-column elementor-col-50 elementor-inner-column elementor-element elementor-element-d6bf082\" data-id=\"d6bf082\" data-element_type=\"column\" data-e-type=\"column\">\n\t\t\t<div class=\"elementor-widget-wrap elementor-element-populated\">\n\t\t\t\t\t\t<div class=\"elementor-element elementor-element-15b51e4 elementor-widget elementor-widget-image-box\" data-id=\"15b51e4\" data-element_type=\"widget\" data-e-type=\"widget\" data-widget_type=\"image-box.default\">\n\t\t\t\t<div class=\"elementor-widget-container\">\n\t\t\t\t\t<div class=\"elementor-image-box-wrapper\"><div class=\"elementor-image-box-content\"><h3 class=\"elementor-image-box-title translation-block\">Solutions de <b>maintenance<\/b><\/h3><\/div><\/div>\t\t\t\t<\/div>\n\t\t\t\t<\/div>\n\t\t\t\t<div class=\"elementor-element elementor-element-84f1e28 elementor-icon-list--layout-traditional elementor-list-item-link-full_width elementor-widget elementor-widget-icon-list\" data-id=\"84f1e28\" data-element_type=\"widget\" data-e-type=\"widget\" data-widget_type=\"icon-list.default\">\n\t\t\t\t<div class=\"elementor-widget-container\">\n\t\t\t\t\t\t\t<ul class=\"elementor-icon-list-items\">\n\t\t\t\t\t\t\t<li class=\"elementor-icon-list-item\">\n\t\t\t\t\t\t\t\t\t\t\t<a href=\"\/fr\/mantenimiento-aire-acondicionado\/mantenimiento-integral\/\">\n\n\t\t\t\t\t\t\t\t\t\t\t\t<span class=\"elementor-icon-list-icon\">\n\t\t\t\t\t\t\t<i aria-hidden=\"true\" class=\"fas fa-check\"><\/i>\t\t\t\t\t\t<\/span>\n\t\t\t\t\t\t\t\t\t\t<span class=\"elementor-icon-list-text\">Int\u00e9gral<\/span>\n\t\t\t\t\t\t\t\t\t\t\t<\/a>\n\t\t\t\t\t\t\t\t\t<\/li>\n\t\t\t\t\t\t\t\t<li class=\"elementor-icon-list-item\">\n\t\t\t\t\t\t\t\t\t\t\t<a href=\"\/fr\/mantenimiento-aire-acondicionado\/mantenimiento-preventivo\/\">\n\n\t\t\t\t\t\t\t\t\t\t\t\t<span class=\"elementor-icon-list-icon\">\n\t\t\t\t\t\t\t<i aria-hidden=\"true\" class=\"fas fa-check\"><\/i>\t\t\t\t\t\t<\/span>\n\t\t\t\t\t\t\t\t\t\t<span class=\"elementor-icon-list-text\"> Pr\u00e9ventif<\/span>\n\t\t\t\t\t\t\t\t\t\t\t<\/a>\n\t\t\t\t\t\t\t\t\t<\/li>\n\t\t\t\t\t\t\t\t<li class=\"elementor-icon-list-item\">\n\t\t\t\t\t\t\t\t\t\t\t<a href=\"\/fr\/mantenimiento-aire-acondicionado\/mantenimiento-correctivo-aire-acondicionado\/\">\n\n\t\t\t\t\t\t\t\t\t\t\t\t<span class=\"elementor-icon-list-icon\">\n\t\t\t\t\t\t\t<i aria-hidden=\"true\" class=\"fas fa-check\"><\/i>\t\t\t\t\t\t<\/span>\n\t\t\t\t\t\t\t\t\t\t<span class=\"elementor-icon-list-text\">  Correctif<\/span>\n\t\t\t\t\t\t\t\t\t\t\t<\/a>\n\t\t\t\t\t\t\t\t\t<\/li>\n\t\t\t\t\t\t<\/ul>\n\t\t\t\t\t\t<\/div>\n\t\t\t\t<\/div>\n\t\t\t\t\t<\/div>\n\t\t<\/div>\n\t\t\t\t\t<\/div>\n\t\t<\/section>\n\t\t\t\t\t<\/div>\n\t\t<\/div>\n\t\t\t\t<div class=\"elementor-column elementor-col-50 elementor-top-column elementor-element elementor-element-e25fc8e\" data-id=\"e25fc8e\" data-element_type=\"column\" data-e-type=\"column\">\n\t\t\t<div class=\"elementor-widget-wrap elementor-element-populated\">\n\t\t\t\t\t\t<div class=\"elementor-element elementor-element-4544884 elementor-widget elementor-widget-text-editor\" data-id=\"4544884\" data-element_type=\"widget\" data-e-type=\"widget\" data-widget_type=\"text-editor.default\">\n\t\t\t\t<div class=\"elementor-widget-container\">\n\t\t\t\t\t\t\t\t\t<p class=\"translation-block\">Qualit\u00e9, fiabilit\u00e9, efficacit\u00e9 et durabilit\u00e9<br>constituent la philosophie qui guide notre travail<br>depuis plus de 25 ans.<\/p>\t\t\t\t\t\t\t\t<\/div>\n\t\t\t\t<\/div>\n\t\t\t\t\t<\/div>\n\t\t<\/div>\n\t\t\t\t\t<\/div>\n\t\t<\/section>\n\t\t\t\t<section class=\"elementor-section elementor-top-section elementor-element elementor-element-174def0 elementor-section-boxed elementor-section-height-default elementor-section-height-default\" data-id=\"174def0\" data-element_type=\"section\" data-e-type=\"section\">\n\t\t\t\t\t\t<div class=\"elementor-container elementor-column-gap-default\">\n\t\t\t\t\t<div class=\"elementor-column elementor-col-100 elementor-top-column elementor-element elementor-element-b5d5c7e\" data-id=\"b5d5c7e\" data-element_type=\"column\" data-e-type=\"column\">\n\t\t\t<div class=\"elementor-widget-wrap elementor-element-populated\">\n\t\t\t\t\t\t<div class=\"elementor-element elementor-element-796a33b elementor-widget elementor-widget-text-editor\" data-id=\"796a33b\" data-element_type=\"widget\" data-e-type=\"widget\" data-widget_type=\"text-editor.default\">\n\t\t\t\t<div class=\"elementor-widget-container\">\n\t\t\t\t\t\t\t\t\t<p>Si est\u00e1s considerando la instalaci\u00f3n de placas solares en Valencia,\u00a0<span style=\"font-size: var( --e-global-typography-text-font-size );\">Alicante,<\/span><span style=\"font-size: var( --e-global-typography-text-font-size );\">\u00a0o Murcia, conf\u00eda en nuestros expertos instaladores. En\u00a0<\/span><strong style=\"font-size: var( --e-global-typography-text-font-size );\">Davofrio<\/strong><span style=\"font-size: var( --e-global-typography-text-font-size );\">\u00a0llevamos a cabo el proyecto de manera eficiente y profesional. Cont\u00e1ctanos hoy mismo para obtener m\u00e1s informaci\u00f3n o solicitar una consulta. Estamos aqu\u00ed para ayudarte a alcanzar el m\u00e1ximo confort en tu hogar u oficina.<\/span><\/p><p>\n<div class=\"wpcf7 no-js\" id=\"wpcf7-f1705-o1\" lang=\"es-ES\" dir=\"ltr\" data-wpcf7-id=\"1705\">\n<div class=\"screen-reader-response\"><p role=\"status\" aria-live=\"polite\" aria-atomic=\"true\"><\/p> <ul><\/ul><\/div>\n<form action=\"\/fr\/wp-json\/wp\/v2\/posts\/13676#wpcf7-f1705-o1\" method=\"post\" class=\"wpcf7-form init\" aria-label=\"Formulario de contacto\" novalidate=\"novalidate\" data-status=\"init\" data-trp-original-action=\"\/fr\/wp-json\/wp\/v2\/posts\/13676#wpcf7-f1705-o1\">\n<fieldset class=\"hidden-fields-container\"><input type=\"hidden\" name=\"_wpcf7\" value=\"1705\" \/><input type=\"hidden\" name=\"_wpcf7_version\" value=\"6.1.5\" \/><input type=\"hidden\" name=\"_wpcf7_locale\" value=\"es_ES\" \/><input type=\"hidden\" name=\"_wpcf7_unit_tag\" value=\"wpcf7-f1705-o1\" \/><input type=\"hidden\" name=\"_wpcf7_container_post\" value=\"0\" \/><input type=\"hidden\" name=\"_wpcf7_posted_data_hash\" value=\"\" \/><input type=\"hidden\" name=\"_wpcf7_recaptcha_response\" value=\"\" \/>\n<\/fieldset>\n<div class=\"formulariogenerico\">\n\t<p style=\"font-size:22px; font-weight:700; text-align:center!important;\">Contactez-nous\n\t<\/p>\n\t<p><br \/>\n<label> <span class=\"wpcf7-form-control-wrap\" data-name=\"text-378\"><input size=\"40\" maxlength=\"400\" class=\"wpcf7-form-control wpcf7-text wpcf7-validates-as-required\" aria-required=\"true\" aria-invalid=\"false\" placeholder=\"Nom\" value=\"\" type=\"text\" name=\"text-378\" \/><\/span><\/label><br \/>\n<label> <span class=\"wpcf7-form-control-wrap\" data-name=\"tel-879\"><input size=\"40\" maxlength=\"400\" class=\"wpcf7-form-control wpcf7-tel wpcf7-validates-as-required wpcf7-text wpcf7-validates-as-tel\" aria-required=\"true\" aria-invalid=\"false\" placeholder=\"T\u00e9l\u00e9phone\" value=\"\" type=\"tel\" name=\"tel-879\" \/><\/span><\/label><br \/>\n<label> <span class=\"wpcf7-form-control-wrap\" data-name=\"email-956\"><input size=\"40\" maxlength=\"400\" class=\"wpcf7-form-control wpcf7-email wpcf7-validates-as-required wpcf7-text wpcf7-validates-as-email\" aria-required=\"true\" aria-invalid=\"false\" placeholder=\"Courriel\" value=\"\" type=\"email\" name=\"email-956\" \/><\/span> <\/label><br \/>\n<label> <span class=\"wpcf7-form-control-wrap\" data-name=\"textarea-212\"><textarea cols=\"40\" rows=\"10\" maxlength=\"2000\" class=\"wpcf7-form-control wpcf7-textarea wpcf7-validates-as-required\" aria-required=\"true\" aria-invalid=\"false\" placeholder=\"Votre demande\" name=\"textarea-212\"><\/textarea><\/span><\/label><br \/>\n<span><span class=\"wpcf7-form-control-wrap\" data-name=\"acceptance-311\"><span class=\"wpcf7-form-control wpcf7-acceptance\"><span class=\"wpcf7-list-item\"><label class=\"translation-block\"><span class=\"wpcf7-list-item-label\">\n  <span>J'accepte les conditions de la <a href=\"https:\/\/www.davofrio.com\/fr\/politica-de-privacidad\/\" target=\"_self\">Politique de confidentialit\u00e9<\/a><\/span>\n<\/span><\/label><\/span><\/span><\/span><\/span><br \/>\n<label><input class=\"wpcf7-form-control wpcf7-submit has-spinner\" type=\"submit\" value=\"Envoyer\" \/> <\/label>\n\t<\/p>\n<\/div><div class=\"wpcf7-response-output\" aria-hidden=\"true\"><\/div>\n<input type=\"hidden\" name=\"trp-form-language\" value=\"fr\"\/><\/form>\n<\/div>\n<\/p>\t\t\t\t\t\t\t\t<\/div>\n\t\t\t\t<\/div>\n\t\t\t\t\t<\/div>\n\t\t<\/div>\n\t\t\t\t\t<\/div>\n\t\t<\/section>\n\t\t\t\t<\/div>","protected":false},"excerpt":{"rendered":"<p>Ayudas y subvenciones para Placas Solares en Valencia Ayudas y subvenciones para Placas Solares en Valencia Descubre c\u00f3mo las subvenciones para placas solares en Valencia y bonificaciones fiscales sobre el IBI, ICO e IRPF disponibles en Valencia pueden hacer que la transici\u00f3n a la energ\u00eda solar en tu hogar sea m\u00e1s accesible y rentable. Con &#8230; <a title=\"Ayudas y subvenciones para Placas Solares en Valencia\" class=\"read-more\" href=\"https:\/\/www.davofrio.com\/fr\/ayudas-y-subvenciones-para-placas-solares-en-valencia\/\" aria-label=\"En savoir plus sur Ayudas y subvenciones para Placas Solares en Valencia\">Lire plus<\/a><\/p>","protected":false},"author":1,"featured_media":11993,"comment_status":"closed","ping_status":"closed","sticky":false,"template":"","format":"standard","meta":{"footnotes":""},"categories":[105],"tags":[],"class_list":["post-13676","post","type-post","status-publish","format-standard","has-post-thumbnail","hentry","category-blog"],"_links":{"self":[{"href":"https:\/\/www.davofrio.com\/fr\/wp-json\/wp\/v2\/posts\/13676","targetHints":{"allow":["GET"]}}],"collection":[{"href":"https:\/\/www.davofrio.com\/fr\/wp-json\/wp\/v2\/posts"}],"about":[{"href":"https:\/\/www.davofrio.com\/fr\/wp-json\/wp\/v2\/types\/post"}],"author":[{"embeddable":true,"href":"https:\/\/www.davofrio.com\/fr\/wp-json\/wp\/v2\/users\/1"}],"replies":[{"embeddable":true,"href":"https:\/\/www.davofrio.com\/fr\/wp-json\/wp\/v2\/comments?post=13676"}],"version-history":[{"count":7,"href":"https:\/\/www.davofrio.com\/fr\/wp-json\/wp\/v2\/posts\/13676\/revisions"}],"predecessor-version":[{"id":15169,"href":"https:\/\/www.davofrio.com\/fr\/wp-json\/wp\/v2\/posts\/13676\/revisions\/15169"}],"wp:featuredmedia":[{"embeddable":true,"href":"https:\/\/www.davofrio.com\/fr\/wp-json\/wp\/v2\/media\/11993"}],"wp:attachment":[{"href":"https:\/\/www.davofrio.com\/fr\/wp-json\/wp\/v2\/media?parent=13676"}],"wp:term":[{"taxonomy":"category","embeddable":true,"href":"https:\/\/www.davofrio.com\/fr\/wp-json\/wp\/v2\/categories?post=13676"},{"taxonomy":"post_tag","embeddable":true,"href":"https:\/\/www.davofrio.com\/fr\/wp-json\/wp\/v2\/tags?post=13676"}],"curies":[{"name":"wp","href":"https:\/\/api.w.org\/{rel}","templated":true}]}}