{"id":2155,"date":"2020-06-27T19:00:03","date_gmt":"2020-06-27T17:00:03","guid":{"rendered":"https:\/\/www.davofrio.com\/?p=2155"},"modified":"2024-09-19T00:30:43","modified_gmt":"2024-09-18T22:30:43","slug":"consumo-real-de-bomba-de-calor-con-aerotermia-en-el-cantabrico","status":"publish","type":"post","link":"https:\/\/www.davofrio.com\/en\/consumo-real-de-bomba-de-calor-con-aerotermia-en-el-cantabrico\/","title":{"rendered":"Consumo real de bomba de calor con aerotermia en el Cant\u00e1brico"},"content":{"rendered":"<div class=\"itemIntroText\">\n<p>En el siguiente art\u00edculo se analizar\u00e1\u00a0<strong>el consumo real de la aerotermia en la Zona Clim\u00e1tica C de Espa\u00f1a<\/strong>, que corresponde a la zona del Cant\u00e1brico, y algunas zonas interiores del sur de Espa\u00f1a y de la costa mediterr\u00e1nea de Catalu\u00f1a. El c\u00e1lculo est\u00e1 previsto que analice primero las condiciones de un piso y despu\u00e9s las condiciones de una vivienda unifamiliar, tanto para las necesidades de calefacci\u00f3n como para las de aire acondicionado.<\/p>\n<\/div>\n<div class=\"itemFullText\">\n<h2>C\u00e1lculo: \u00bfCu\u00e1nto consume la aerotermia en el Cant\u00e1brico?<\/h2>\n<p>Los sistemas a partir de bomba de calor que toman la energ\u00eda latente del aire son conocidos como <a href=\"\/en\/energias-renovables\/aerotermia-alicante\/\" target=\"_blank\" rel=\"noopener noreferrer\"><strong>aerotermia,<\/strong><\/a> y son una forma de conseguir calefacci\u00f3n en invierno y aire acondicionado en verano mediante un \u00fanico circuito t\u00e9rmico reversible. Pero el usuario antes de instalarlo siempre se pregunta cu\u00e1nto consume un sistema as\u00ed y si es realmente eficiente. Para aclarar estas dudas estudiaremos el consumo de la aerotermia en la\u00a0<strong>Zona Clim\u00e1tica C de Espa\u00f1a<\/strong>, que corresponde a\u00a0<strong>la zona del Cant\u00e1brico, de algunas zonas interiores del sur y de la costa catalana, para un piso y una vivienda unifamiliar<\/strong>.<\/p>\n<h2>Planteamiento del c\u00e1lculo para un piso en el Cant\u00e1brico<\/h2>\n<p>Para conocer el consumo de un sistema de aerotermia en las zonas del Cant\u00e1brico, debemos conocer la\u00a0<strong>demanda de calefacci\u00f3n y de refrigeraci\u00f3n de una vivienda de esa zona en kWh\/m<sup>2<\/sup>a\u00f1o<\/strong>. Para ello, se extraer\u00e1n los datos necesarios de demanda de la calificaci\u00f3n energ\u00e9tica de la vivienda, ya que all\u00ed viene expresada dicha informaci\u00f3n.<\/p>\n<p>Los datos de demandas para las viviendas con los que se van a trabajar son los siguientes, obtenidos de un ejemplo de\u00a0<strong>Etiqueta Energ\u00e9tica E para una vivienda en la Zona Clim\u00e1tica C<\/strong>. Es decir, edificios que no son especialmente eficientes, pero que no dejan de ser la realidad del parque inmobiliario existente en Espa\u00f1a. Los datos son los siguientes:<\/p>\n<ul>\n<li>Datos de demanda de calefacci\u00f3n: 200,00 kWh\/m<sup>2\u00a0<\/sup>a\u00f1o<\/li>\n<li>Datos de demanda de refrigeraci\u00f3n: 3,50 kWh\/m<sup>2<\/sup>\u00a0a\u00f1o<\/li>\n<\/ul>\n<p>Ahora estimamos\u00a0<strong>la superficie del piso\u00a0<\/strong>que vamos a analizar:<\/p>\n<ul>\n<li>Tama\u00f1o de piso para c\u00e1lculos: 100 m<sup>2<\/sup><\/li>\n<\/ul>\n<p>Calculamos las\u00a0<strong>demandas de calefacci\u00f3n y refrigeraci\u00f3n<\/strong>\u00a0para el piso:<\/p>\n<p><img decoding=\"async\" title=\"Demanda de calefacci\u00f3n en un piso del Cant\u00e1brico\" src=\"https:\/\/www.caloryfrio.com\/images\/articulos\/actualidad-sanitarios\/demanda-calefaccion-piso-cantabrico-1.jpg\" alt=\"Demanda de calefacci\u00f3n en un piso del Cant\u00e1brico\" \/><\/p>\n<p>Por lo tanto, a modo de resumen, las demandas anuales quedar\u00edan as\u00ed:<\/p>\n<\/div>\n<table border=\"1\" cellspacing=\"0\" cellpadding=\"0\" align=\"center\">\n<tbody>\n<tr>\n<td><\/td>\n<td>\n<p align=\"center\">Demanda de Calefacci\u00f3n<\/p>\n<\/td>\n<td>\n<p align=\"center\">Demanda de Refrigeraci\u00f3n<\/p>\n<\/td>\n<\/tr>\n<tr>\n<td>Piso<\/td>\n<td>20.000 kWh<\/td>\n<td>350 kWh<\/td>\n<\/tr>\n<\/tbody>\n<\/table>\n<p>&nbsp;<\/p>\n<h2>Aerotermia en un piso de 100 m\u00b2: Consumo y eficiencia<\/h2>\n<p>Una vez calculadas las demandas, debemos recordar el concepto del\u00a0<strong><a href=\"https:\/\/www.gimanpro.com\/proyectando-energia\/produccion-de-acs\/\" target=\"_blank\" rel=\"noopener noreferrer\"><span style=\"color: #0000ff\">nivel de eficiencia energ\u00e9tica de la aerotermia<\/span><\/a> que elijamos: el SCOP y el SEER<\/strong>. Es decir, los rendimientos estacionales para calefacci\u00f3n (SCOP) y para refrigeraci\u00f3n (SEER). Gracias a estos par\u00e1metros, podremos saber los consumos para nuestro caso.<\/p>\n<p><img decoding=\"async\" title=\"SEER y SCOP\" src=\"https:\/\/www.caloryfrio.com\/images\/articulos\/actualidad-sanitarios\/seer-scop-cantabrico.jpg\" alt=\"SEER y SCOP\" \/><\/p>\n<p>El etiquetado energ\u00e9tico de las bombas de calor es el europeo, por lo que una etiqueta A+ contiene valores de SEER de entre 5,6 y 6,1 y valores de SCOP de 4 a 4,6. Sin embargo, ese mismo equipo A+ ser\u00e1 m\u00e1s eficiente en Espa\u00f1a debido a las T\u00aas superiores,\u00a0<strong>aunque en la zona norte de Espa\u00f1a no repercute tanto<\/strong>.<\/p>\n<ul>\n<li>SCOP aerotermia para calefacci\u00f3n equipos A+: 5,4<\/li>\n<li>SEER aerotermia para refrigeraci\u00f3n equipos A+: 6<\/li>\n<\/ul>\n<p>Calculamos los consumos reales a partir de la demanda utilizando el SCOP y SEER:<\/p>\n<p><img decoding=\"async\" title=\"Consumos del piso en el Cant\u00e1brico\" src=\"https:\/\/www.caloryfrio.com\/images\/articulos\/actualidad-sanitarios\/consumos-piso-cantabrico.jpg\" alt=\"Consumos del piso en el Cant\u00e1brico\" \/><\/p>\n<p>Para finalizar, se multiplican los consumos por el precio actual del kWh en Espa\u00f1a, que es 0,135 \u20ac\/kWh.<\/p>\n<p><img decoding=\"async\" title=\"Gasto total de un piso con aerotermia en el Cant\u00e1brico\" src=\"https:\/\/www.caloryfrio.com\/images\/articulos\/actualidad-sanitarios\/gasto-total-piso-cantabrico.jpg\" alt=\"Gasto total de un piso con aerotermia en el Cant\u00e1brico\" \/><\/p>\n<p class=\"lightbulbtip-jck\">Los gastos finales para una aerotermia reversible en la zona del Cant\u00e1brico, sur interior de Espa\u00f1a y costa catalana es de\u00a0<strong>507,83 \u20ac para un piso de 100 m<sup>2<\/sup><\/strong>. Muy importante tener en cuenta que estos resultados son orientativos y que, en funci\u00f3n de cada caso, pueden variar.<\/p>\n\n<div class=\"wpcf7 no-js\" id=\"wpcf7-f3245-o1\" lang=\"es-ES\" dir=\"ltr\" data-wpcf7-id=\"3245\">\n<div class=\"screen-reader-response\"><p role=\"status\" aria-live=\"polite\" aria-atomic=\"true\"><\/p> <ul><\/ul><\/div>\n<form action=\"\/en\/wp-json\/wp\/v2\/posts\/2155#wpcf7-f3245-o1\" method=\"post\" class=\"wpcf7-form init\" aria-label=\"Formulario de contacto\" novalidate=\"novalidate\" data-status=\"init\" data-trp-original-action=\"\/en\/wp-json\/wp\/v2\/posts\/2155#wpcf7-f3245-o1\">\n<fieldset class=\"hidden-fields-container\"><input type=\"hidden\" name=\"_wpcf7\" value=\"3245\" \/><input type=\"hidden\" name=\"_wpcf7_version\" value=\"6.1.5\" \/><input type=\"hidden\" name=\"_wpcf7_locale\" value=\"es_ES\" \/><input type=\"hidden\" name=\"_wpcf7_unit_tag\" value=\"wpcf7-f3245-o1\" \/><input type=\"hidden\" name=\"_wpcf7_container_post\" value=\"0\" \/><input type=\"hidden\" name=\"_wpcf7_posted_data_hash\" value=\"\" \/><input type=\"hidden\" name=\"_wpcf7_recaptcha_response\" value=\"\" \/>\n<\/fieldset>\n<div class=\"formulariolinea\">\n\t<p style=\"font-size:24px; font-weight:800;\">If you feel cold or hot, it\u2019s because you want to! Call us at 965 05 87 31\n\t<\/p>\n\t<p><br \/>\n<label> <span class=\"wpcf7-form-control-wrap\" data-name=\"text-45\"><input size=\"40\" maxlength=\"400\" class=\"wpcf7-form-control wpcf7-text wpcf7-validates-as-required\" aria-required=\"true\" aria-invalid=\"false\" placeholder=\"Name\" value=\"\" type=\"text\" name=\"text-45\" \/><\/span> <\/label><br \/>\n<label> <span class=\"wpcf7-form-control-wrap\" data-name=\"email-217\"><input size=\"40\" maxlength=\"400\" class=\"wpcf7-form-control wpcf7-email wpcf7-validates-as-required wpcf7-text wpcf7-validates-as-email\" aria-required=\"true\" aria-invalid=\"false\" placeholder=\"Email\" value=\"\" type=\"email\" name=\"email-217\" \/><\/span> <\/label><br \/>\n<label> <input class=\"wpcf7-form-control wpcf7-submit has-spinner\" type=\"submit\" value=\"Send\" \/> <\/label><br \/>\n<span> <span class=\"wpcf7-form-control-wrap\" data-name=\"acceptance-877\"><span class=\"wpcf7-form-control wpcf7-acceptance\"><span class=\"wpcf7-list-item\"><label class=\"translation-block\"><span class=\"wpcf7-list-item-label\">I have read and accept the <a href=\"https:\/\/www.davofrio.com\/en\/politica-de-privacidad\/\" target=\"_self\">Privacy Policy<\/a><\/span><\/label><\/span><\/span><\/span><\/span>\n\t<\/p>\n<\/div><div class=\"wpcf7-response-output\" aria-hidden=\"true\"><\/div>\n<input type=\"hidden\" name=\"trp-form-language\" value=\"en\"\/><\/form>\n<\/div>\n\n<h2>Planteamiento del c\u00e1lculo para una vivienda unifamiliar en el Cant\u00e1brico<\/h2>\n<p>Para saber cu\u00e1nto <a href=\"https:\/\/www.gimanpro.com\/auditoria-tecnica\/\" target=\"_blank\" rel=\"noopener noreferrer\"><span style=\"color: #0000ff\">consume un sistema de aerotermia<\/span><\/a> en una vivienda unifamiliar en la Zona Clim\u00e1tica C volvemos a necesitar otra vez la\u00a0<strong>demanda de calefacci\u00f3n y de refrigeraci\u00f3n en kWh\/m<sup>2<\/sup>a\u00f1o<\/strong>\u00a0para\u00a0<strong>Etiqueta Energ\u00e9tica E para una vivienda en la Zona Clim\u00e1tica C<\/strong>.<\/p>\n<ul>\n<li>Datos de demanda de calefacci\u00f3n: 200,00 kWh\/m<sup>2\u00a0<\/sup>a\u00f1o<\/li>\n<li>Datos de demanda de refrigeraci\u00f3n: 3,50 kWh\/m<sup>2<\/sup>\u00a0a\u00f1o<\/li>\n<\/ul>\n<p>Ahora estimamos\u00a0<strong>la superficie de una vivienda unifamiliar<\/strong>:<\/p>\n<ul>\n<li>Tama\u00f1o de vivienda unifamiliar para c\u00e1lculos: 200 m<sup>2<\/sup><\/li>\n<\/ul>\n<p>Seguimos con el c\u00e1lculo de las demandas para vivienda unifamiliar:<\/p>\n<p><img decoding=\"async\" title=\"Demandas de una vivienda unifamiliar en el Cant\u00e1brico\" src=\"https:\/\/www.caloryfrio.com\/images\/articulos\/actualidad-sanitarios\/demandas-vivenda-cantabrico.jpg\" alt=\"Demandas de una vivienda unifamiliar en el Cant\u00e1brico\" \/><\/p>\n<table border=\"1\" cellspacing=\"0\" cellpadding=\"0\" align=\"center\">\n<tbody>\n<tr>\n<td><\/td>\n<td>\n<p align=\"center\">Demanda de Calefacci\u00f3n<\/p>\n<\/td>\n<td>\n<p align=\"center\">Demanda de Refrigeraci\u00f3n<\/p>\n<\/td>\n<\/tr>\n<tr>\n<td>Vivienda unifamiliar<\/td>\n<td>40.000 kWh<\/td>\n<td>700 kWh<\/td>\n<\/tr>\n<\/tbody>\n<\/table>\n<div>\n<p>Recordamos los valores de SEER y SCOP con los que trabaja la aerotermia en nuestra zona:<\/p>\n<ul>\n<li>SCOP aerotermia para calefacci\u00f3n equipos A+: 5,4<\/li>\n<li>SEER aerotermia para refrigeraci\u00f3n equipos A+: 6<\/li>\n<\/ul>\n<p>Y repetimos el c\u00e1lculo para la vivienda unifamiliar:<\/p>\n<p><img decoding=\"async\" class=\"cke-resize\" title=\"Consumos de una vivienda unifamiliar en el Cant\u00e1brico\" src=\"https:\/\/www.caloryfrio.com\/images\/articulos\/actualidad-sanitarios\/consumos-vivienda-unifamiliar-cantabrico.jpg\" alt=\"Consumos de una vivienda unifamiliar en el Cant\u00e1brico\" \/><\/p>\n<p>Finalmente, multiplicamos los consumos finales por el precio actual del kWh en Espa\u00f1a, que es 0,135 \u20ac\/kWh.<\/p>\n<p><img decoding=\"async\" title=\"Gasto de una vivienda unifamiliar con aerotermia en el Cant\u00e1brico\" src=\"https:\/\/www.caloryfrio.com\/images\/articulos\/actualidad-sanitarios\/gasto-vivienda-unifamiliar-cantabrico.jpg\" alt=\"Gasto de una vivienda unifamiliar con aerotermia en el Cant\u00e1brico\" \/><\/p>\n<\/div>\n<div class=\"site-container\">\n<div class=\"site-inner\">\n<div class=\"content-sidebar-wrap\">\n<article class=\"post-57515 post type-post status-publish format-standard has-post-thumbnail category-energias-renovables tag-autoabastecimiento-energetico tag-autoconsumo-energetico tag-financiacion actualidad-noticias entry\">\n<div class=\"entry-content\">\n<div class=\"site-container\">\n<div class=\"site-inner\">\n<div class=\"content-sidebar-wrap\">\n<article class=\"post-57515 post type-post status-publish format-standard has-post-thumbnail category-energias-renovables tag-autoabastecimiento-energetico tag-autoconsumo-energetico tag-financiacion actualidad-noticias entry\">\n<div class=\"entry-content\">\n<p>Por lo tanto, el gasto final en el Cant\u00e1brico es de\u00a0<strong>1015,74 \u20ac para una vivienda unifamiliar de 200 m<sup>2<\/sup><\/strong>. Debemos tener en cuenta otra vez que estos datos son orientativos y que, en funci\u00f3n de cada caso, pueden variar.<\/p>\n<h2>Precio de instalar aerotermia en un piso de 100 m\u00b2<\/h2>\n<p>El precio de instalar aerotermia en un piso de 100 m\u00b2 puede variar en funci\u00f3n de varios factores, incluyendo el equipo seleccionado y los costos de instalaci\u00f3n. Generalmente, se estima que el coste inicial puede oscilar entre 8.000 y 15.000 euros. Este precio incluye el equipo de aerotermia, la instalaci\u00f3n y posibles ajustes necesarios en la vivienda.<\/p>\n<h2>Consumo anual de aerotermia en el Cant\u00e1brico<\/h2>\n<p>El consumo aerotermia anual var\u00eda dependiendo de varios factores como la superficie de la vivienda y la eficiencia del sistema. Para un piso de 100m\u00b2, el consumo anual puede ser significativamente menor en comparaci\u00f3n con una vivienda unifamiliar de mayor tama\u00f1o. Es crucial considerar estos aspectos para tener una estimaci\u00f3n precisa de los costos a largo plazo.<\/p>\n<p>noticia publicada desde la web de https:\/\/www.caloryfrio.com\/energias-renovables\/aerotermia\/<\/p>\n<\/div>\n<\/article>\n<\/div>\n<\/div>\n<\/div>\n<\/div>\n<\/article>\n<\/div>\n<\/div>\n<\/div>\n<p>&nbsp;<\/p>","protected":false},"excerpt":{"rendered":"<p>En el siguiente art\u00edculo se analizar\u00e1\u00a0el consumo real de la aerotermia en la Zona Clim\u00e1tica C de Espa\u00f1a, que corresponde a la zona del Cant\u00e1brico, y algunas zonas interiores del sur de Espa\u00f1a y de la costa mediterr\u00e1nea de Catalu\u00f1a. El c\u00e1lculo est\u00e1 previsto que analice primero las condiciones de un piso y despu\u00e9s las &#8230; <a title=\"Consumo real de bomba de calor con aerotermia en el Cant\u00e1brico\" class=\"read-more\" href=\"https:\/\/www.davofrio.com\/en\/consumo-real-de-bomba-de-calor-con-aerotermia-en-el-cantabrico\/\" aria-label=\"Read more about Consumo real de bomba de calor con aerotermia en el Cant\u00e1brico\">Read more<\/a><\/p>","protected":false},"author":1,"featured_media":2156,"comment_status":"closed","ping_status":"closed","sticky":false,"template":"","format":"standard","meta":{"footnotes":""},"categories":[105],"tags":[],"class_list":["post-2155","post","type-post","status-publish","format-standard","has-post-thumbnail","hentry","category-blog"],"_links":{"self":[{"href":"https:\/\/www.davofrio.com\/en\/wp-json\/wp\/v2\/posts\/2155","targetHints":{"allow":["GET"]}}],"collection":[{"href":"https:\/\/www.davofrio.com\/en\/wp-json\/wp\/v2\/posts"}],"about":[{"href":"https:\/\/www.davofrio.com\/en\/wp-json\/wp\/v2\/types\/post"}],"author":[{"embeddable":true,"href":"https:\/\/www.davofrio.com\/en\/wp-json\/wp\/v2\/users\/1"}],"replies":[{"embeddable":true,"href":"https:\/\/www.davofrio.com\/en\/wp-json\/wp\/v2\/comments?post=2155"}],"version-history":[{"count":7,"href":"https:\/\/www.davofrio.com\/en\/wp-json\/wp\/v2\/posts\/2155\/revisions"}],"predecessor-version":[{"id":15113,"href":"https:\/\/www.davofrio.com\/en\/wp-json\/wp\/v2\/posts\/2155\/revisions\/15113"}],"wp:featuredmedia":[{"embeddable":true,"href":"https:\/\/www.davofrio.com\/en\/wp-json\/wp\/v2\/media\/2156"}],"wp:attachment":[{"href":"https:\/\/www.davofrio.com\/en\/wp-json\/wp\/v2\/media?parent=2155"}],"wp:term":[{"taxonomy":"category","embeddable":true,"href":"https:\/\/www.davofrio.com\/en\/wp-json\/wp\/v2\/categories?post=2155"},{"taxonomy":"post_tag","embeddable":true,"href":"https:\/\/www.davofrio.com\/en\/wp-json\/wp\/v2\/tags?post=2155"}],"curies":[{"name":"wp","href":"https:\/\/api.w.org\/{rel}","templated":true}]}}